{"id":5480,"date":"2026-09-01T16:04:38","date_gmt":"2026-09-01T19:04:38","guid":{"rendered":"https:\/\/www.grupo-o2.cl\/blog\/?p=5480"},"modified":"2026-09-01T16:05:29","modified_gmt":"2026-09-01T19:05:29","slug":"orbe-en-bosques-de-bolsillo-tres-anos-sembrando-comunidad-naturaleza-y-futuro","status":"publish","type":"post","link":"https:\/\/www.grupo-o2.cl\/blog\/orbe-en-bosques-de-bolsillo-tres-anos-sembrando-comunidad-naturaleza-y-futuro\/","title":{"rendered":"ORBE en Bosques de Bolsillo: tres a\u00f1os sembrando comunidad, naturaleza y futuro"},"content":{"rendered":"\t\t<div data-elementor-type=\"wp-post\" data-elementor-id=\"5480\" class=\"elementor elementor-5480\">\n\t\t\t\t\t\t\t<div class=\"elementor-element elementor-element-5a37fedf e-flex e-con-boxed e-con e-parent\" data-id=\"5a37fedf\" data-element_type=\"container\" data-settings=\"{&quot;content_width&quot;:&quot;boxed&quot;}\" data-core-v316-plus=\"true\">\n\t\t\t\t\t<div class=\"e-con-inner\">\n\t\t\t\t<div class=\"elementor-element elementor-element-3cc9346 elementor-widget elementor-widget-text-editor\" data-id=\"3cc9346\" data-element_type=\"widget\" data-widget_type=\"text-editor.default\">\n\t\t\t\t<div class=\"elementor-widget-container\">\n\t\t\t<style>\/*! elementor - v3.18.0 - 20-12-2023 *\/\n.elementor-widget-text-editor.elementor-drop-cap-view-stacked .elementor-drop-cap{background-color:#69727d;color:#fff}.elementor-widget-text-editor.elementor-drop-cap-view-framed .elementor-drop-cap{color:#69727d;border:3px solid;background-color:transparent}.elementor-widget-text-editor:not(.elementor-drop-cap-view-default) .elementor-drop-cap{margin-top:8px}.elementor-widget-text-editor:not(.elementor-drop-cap-view-default) .elementor-drop-cap-letter{width:1em;height:1em}.elementor-widget-text-editor .elementor-drop-cap{float:left;text-align:center;line-height:1;font-size:50px}.elementor-widget-text-editor .elementor-drop-cap-letter{display:inline-block}<\/style>\t\t\t\t<!-- wp:paragraph -->\n<p>El programa\u00a0<strong>Bosques de Bolsillo<\/strong>, impulsado por el Gobierno de Santiago, lleg\u00f3 oficialmente a su cierre durante este 2026, dejando un importante legado de participaci\u00f3n ciudadana, educaci\u00f3n ambiental y recuperaci\u00f3n de espacios urbanos en distintas comunas de la Regi\u00f3n Metropolitana. Durante este proceso,\u00a0<a href=\"http:\/\/orbeconsultores.com\/\"><strong>ORBE Ambiental &amp; Legal<\/strong><\/a>, a trav\u00e9s de su \u00c1rea de Comunidades, acompa\u00f1\u00f3 durante m\u00e1s de tres a\u00f1os el desarrollo de esta iniciativa, contribuyendo a fortalecer el v\u00ednculo entre las personas y su entorno natural.<\/p>\n<p>\u00a0<\/p>\n<!-- \/wp:paragraph --><!-- wp:paragraph -->\n<p>La iniciativa permiti\u00f3 la creaci\u00f3n de peque\u00f1os ecosistemas nativos mediante el m\u00e9todo Miyawaki, una t\u00e9cnica de plantaci\u00f3n intensiva que favorece el crecimiento acelerado de \u00e1rboles y arbustos aut\u00f3ctonos, generando espacios que ayudan a enfrentar las altas temperaturas urbanas, mejorar la biodiversidad y fortalecer la calidad de vida de las comunidades. El programa contempl\u00f3 la implementaci\u00f3n de 33 bosques distribuidos en diferentes comunas de la Regi\u00f3n Metropolitana.\u00a0<\/p>\n<p>\u00a0<\/p>\n<!-- \/wp:paragraph --><!-- wp:image {\"id\":4245,\"width\":\"2560px\",\"height\":\"auto\",\"aspectRatio\":\"2.169491525423729\",\"align\":\"center\"} -->\n<figure class=\"wp-block-image aligncenter is-resized\"><img decoding=\"async\" class=\"wp-image-4245\" style=\"aspect-ratio: 2.169491525423729; width: 2560px; height: auto;\" src=\"https:\/\/www.orbeconsultores.com\/pulso-ambiental\/wp-content\/uploads\/2026\/09\/8-scaled.jpg\" alt=\"ORBE en Bosques de Bolsillo: tres a\u00f1os sembrando comunidad, naturaleza y futuro\n\" \/><\/figure>\n<!-- \/wp:image --><!-- wp:heading {\"level\":3} -->\n<h3>\u00a0<\/h3>\n<h3 class=\"wp-block-heading\"><strong>Tres a\u00f1os de trabajo junto a las comunidades<\/strong><\/h3>\n<p>\u00a0<\/p>\n<!-- \/wp:heading --><!-- wp:paragraph -->\n<p>Desde 2024, el \u00c1rea de Comunidades de ORBE asumi\u00f3 un rol activo en el desarrollo de talleres informativos, procesos de codise\u00f1o y actividades de participaci\u00f3n ciudadana que permitieron construir cada bosque junto a vecinos, organizaciones sociales, establecimientos educacionales y actores territoriales relevantes.<\/p>\n<p>\u00a0<\/p>\n<!-- \/wp:paragraph --><!-- wp:paragraph -->\n<p>La finalidad de estos talleres y conversatorios previos a las plantaciones de los bosques, eran acercar e informar acerca del bosque a los vecinos, para poder dise\u00f1ar el bosque en conjunto a la comunidad.<\/p>\n<p>\u00a0<\/p>\n<!-- \/wp:paragraph --><!-- wp:paragraph -->\n<p>Durante estos 3 a\u00f1os, el \u00e1rea de comunidades pudo participar en las diferentes plantaciones de la regi\u00f3n metropolitana, destacando comunas como Pudahuel, Renca, Maip\u00fa, Talagante y Mar\u00eda Pinto.<\/p>\n<p>\u00a0<\/p>\n<!-- \/wp:paragraph --><!-- wp:image {\"id\":4252,\"width\":\"1024px\",\"height\":\"auto\",\"aspectRatio\":\"1.7808695652173914\",\"align\":\"center\"} -->\n<figure class=\"wp-block-image aligncenter is-resized\"><img decoding=\"async\" class=\"wp-image-4252\" style=\"aspect-ratio: 1.7808695652173914; width: 1024px; height: auto;\" src=\"https:\/\/www.orbeconsultores.com\/pulso-ambiental\/wp-content\/uploads\/2026\/09\/2-Cerrillos-1024x575.jpg\" alt=\"ORBE en Bosques de Bolsillo: tres a\u00f1os sembrando comunidad, naturaleza y futuro\n\" \/><\/figure>\n<!-- \/wp:image --><!-- wp:paragraph -->\n<p>\u00a0<\/p>\n<p>Sin embargo, este a\u00f1o 2026 el proyecto lleg\u00f3 a su fin. Es por eso que\u00a0<strong>Claudio Contreras<\/strong>\u00a0y\u00a0<strong>Mar\u00eda Ignacia Padilla<\/strong>, colaboradores del \u00c1rea de Comunidades de\u00a0<strong>ORBE Ambiental &amp; Legal<\/strong>, compartieron algunas reflexiones sobre la experiencia y el impacto que tuvo esta iniciativa en los territorios donde fue implementada.<\/p>\n<p>\u00a0<\/p>\n<!-- \/wp:paragraph --><!-- wp:heading {\"level\":4} -->\n<h4 class=\"wp-block-heading\"><strong>\u00bfCu\u00e1les fueron los principales hitos del \u00c1rea de Comunidades durante estos tres a\u00f1os de trabajo en el proyecto Bosques de Bolsillo?<\/strong><\/h4>\n<p>\u00a0<\/p>\n<!-- \/wp:heading --><!-- wp:paragraph -->\n<p>Para el equipo, uno de los momentos m\u00e1s significativos fue la\u00a0<strong>Plantaci\u00f3n Comunitaria de Cerrillos<\/strong>, que marc\u00f3 el inicio de las intervenciones desarrolladas por ORBE y destac\u00f3 por convocar a vecinos, estudiantes, organizaciones territoriales e instituciones de inclusi\u00f3n social en torno a un objetivo com\u00fan: recuperar espacios para la naturaleza y la comunidad.<\/p>\n<p>\u00a0<\/p>\n<!-- \/wp:paragraph --><!-- wp:paragraph -->\n<p>Otro hito relevante fue el\u00a0<strong>Taller de Diagn\u00f3stico Comunitario de\u00a0<a href=\"https:\/\/www.munitalagante.cl\/\" target=\"_blank\" rel=\"noopener\">Talagante<\/a><\/strong>, donde se aplic\u00f3 por primera vez una metodolog\u00eda de cartograf\u00eda colectiva que permiti\u00f3 a organizaciones ambientales y territoriales identificar espacios de valor socioambiental y rescatar la memoria comunitaria vinculada a la recuperaci\u00f3n de la ribera del r\u00edo Mapocho.<\/p>\n<p>\u00a0<\/p>\n<!-- \/wp:paragraph --><!-- wp:paragraph -->\n<p>La\u00a0<strong>plantaci\u00f3n de\u00a0<a href=\"https:\/\/www.mpinto.cl\/\" target=\"_blank\" rel=\"noopener\">Mar\u00eda Pinto<\/a><\/strong>\u00a0tambi\u00e9n ocupa un lugar especial dentro de la experiencia del equipo. Adem\u00e1s de representar el cierre de las plantaciones comunitarias del programa, implic\u00f3 un importante desaf\u00edo log\u00edstico debido a la activa participaci\u00f3n de personas mayores y a la plantaci\u00f3n de cerca de 4.000 ejemplares de especies nativas.<\/p>\n<p>\u00a0<\/p>\n<!-- \/wp:paragraph --><!-- wp:image {\"id\":4253,\"width\":\"768px\",\"height\":\"auto\",\"aspectRatio\":\"0.75\",\"align\":\"center\"} -->\n<figure class=\"wp-block-image aligncenter is-resized\"><img decoding=\"async\" class=\"wp-image-4253\" style=\"aspect-ratio: 0.75; width: 768px; height: auto;\" src=\"https:\/\/www.orbeconsultores.com\/pulso-ambiental\/wp-content\/uploads\/2026\/09\/3-Talagante-2-768x1024.jpg\" alt=\"ORBE en Bosques de Bolsillo: tres a\u00f1os sembrando comunidad, naturaleza y futuro\n\" \/><\/figure>\n<!-- \/wp:image --><!-- wp:paragraph -->\n<p>\u00a0<\/p>\n<p>Asimismo, los\u00a0<strong>talleres de educaci\u00f3n ambiental y ciencia ciudadana realizados en establecimientos educacionales<\/strong>\u00a0permitieron fortalecer el v\u00ednculo entre estudiantes, docentes y los nuevos bosques, generando una apropiaci\u00f3n temprana de estos espacios y promoviendo una mayor conciencia ambiental dentro de las comunidades escolares.<\/p>\n<p>\u00a0<\/p>\n<!-- \/wp:paragraph --><!-- wp:paragraph -->\n<p>Finalmente, el equipo destaca la creaci\u00f3n de los\u00a0<strong>\u201cGuardianes del Bosque\u201d<\/strong>, grupos conformados por vecinos y vecinas comprometidos con el cuidado y seguimiento de los bosques plantados. Esta iniciativa permiti\u00f3 proyectar en el tiempo el v\u00ednculo entre la comunidad y estos nuevos espacios verdes.<\/p>\n<p>\u00a0<\/p>\n<!-- \/wp:paragraph --><!-- wp:heading {\"level\":4} -->\n<h4 class=\"wp-block-heading\"><strong>\u00bfCu\u00e1l consideran que fue el aporte m\u00e1s significativo de ORBE al proyecto?<\/strong><\/h4>\n<p>\u00a0<\/p>\n<!-- \/wp:heading --><!-- wp:paragraph -->\n<p>Seg\u00fan destacan Claudio Contreras y Mar\u00eda Ignacia Padilla, el principal aporte de ORBE fue poner a disposici\u00f3n su experiencia t\u00e9cnica y territorial para apoyar la planificaci\u00f3n, coordinaci\u00f3n, gesti\u00f3n y acompa\u00f1amiento de los procesos participativos desarrollados durante la implementaci\u00f3n de los bosques de bolsillo en las comunas asignadas.<\/p>\n<p>\u00a0<\/p>\n<!-- \/wp:paragraph --><!-- wp:paragraph -->\n<p>En particular, el \u00c1rea de Comunidades contribuy\u00f3 a fortalecer el relacionamiento con los distintos actores locales, facilitando espacios de di\u00e1logo, aprendizaje y construcci\u00f3n colectiva que permitieron que cada bosque respondiera a las caracter\u00edsticas y necesidades propias de cada territorio.<\/p>\n<p>\u00a0<\/p>\n<!-- \/wp:paragraph --><!-- wp:heading {\"level\":4} -->\n<h4 class=\"wp-block-heading\"><strong>Si tuvieran que definir su participaci\u00f3n en Bosques de Bolsillo en una frase, \u00bfcu\u00e1l ser\u00eda?<\/strong><\/h4>\n<p>\u00a0<\/p>\n<!-- \/wp:heading --><!-- wp:quote -->\n<blockquote class=\"wp-block-quote\"><!-- wp:paragraph -->\n<p><em>\u201cDesde el \u00c1rea de Comunidades de ORBE acompa\u00f1amos a la comunidad ampliada en la creaci\u00f3n y vinculaci\u00f3n de los nuevos Bosques de Bolsillo en la Regi\u00f3n Metropolitana, contribuyendo a mejorar la calidad de vida de las personas mediante Soluciones Basadas en la Naturaleza\u201d.<\/em><\/p>\n<p>\u00a0<\/p>\n<!-- \/wp:paragraph --><\/blockquote>\n<!-- \/wp:quote --><!-- wp:paragraph -->\n<p>Tras m\u00e1s de tres a\u00f1os de trabajo colaborativo, el programa deja un importante legado ambiental y comunitario. M\u00e1s all\u00e1 de los \u00e1rboles plantados, Bosques de Bolsillo logr\u00f3 generar espacios de encuentro, aprendizaje y participaci\u00f3n ciudadana que seguir\u00e1n creciendo junto con cada uno de los bosques establecidos en la Regi\u00f3n Metropolitana.<\/p>\n<p>\u00a0<\/p>\n<!-- \/wp:paragraph --><!-- wp:image {\"id\":4258,\"width\":\"1024px\",\"height\":\"auto\",\"aspectRatio\":\"1.7777777777777777\",\"align\":\"center\"} -->\n<figure class=\"wp-block-image aligncenter is-resized\"><img decoding=\"async\" class=\"wp-image-4258\" style=\"aspect-ratio: 1.7777777777777777; width: 1024px; height: auto;\" src=\"https:\/\/www.orbeconsultores.com\/pulso-ambiental\/wp-content\/uploads\/2026\/09\/6-1024x576.jpg\" alt=\"ORBE en Bosques de Bolsillo: tres a\u00f1os sembrando comunidad, naturaleza y futuro\n\" \/><\/figure>\n<!-- \/wp:image --><!-- wp:paragraph -->\n<p>\u00a0<\/p>\n<!-- \/wp:paragraph -->\t\t\t\t\t\t<\/div>\n\t\t\t\t<\/div>\n\t\t\t\t\t<\/div>\n\t\t\t\t<\/div>\n\t\t\t\t\t\t\t<\/div>\n\t\t","protected":false},"excerpt":{"rendered":"<p>El programa\u00a0Bosques de Bolsillo, impulsado por el Gobierno de Santiago, lleg\u00f3 oficialmente a su cierre durante este 2026, dejando un importante legado de participaci\u00f3n ciudadana, educaci\u00f3n ambiental y recuperaci\u00f3n de espacios urbanos en distintas comunas de la Regi\u00f3n Metropolitana. Durante este proceso,\u00a0ORBE Ambiental &amp; Legal, a trav\u00e9s de su \u00c1rea de Comunidades, acompa\u00f1\u00f3 durante m\u00e1s [&hellip;]<\/p>\n","protected":false},"author":3,"featured_media":5481,"comment_status":"open","ping_status":"open","sticky":false,"template":"","format":"standard","meta":{"footnotes":""},"categories":[19],"tags":[791,423,315,136,317,1385,64,793,1387,977,1390,489,1121,1388,658,659,950,640,1381,108,463,952,951,325,657,1383,1389,1382,920,505,1380,861,596,1384,1386],"class_list":["post-5480","post","type-post","status-publish","format-standard","has-post-thumbnail","hentry","category-grupo-o2","tag-areas-verdes","tag-biodiversidad","tag-bosques-de-bolsillo","tag-cambio-climatico","tag-cerrillos","tag-ciencia-ciudadana","tag-comunidades","tag-desarrollo-sostenible","tag-ecosistemas-nativos","tag-educacion-ambiental","tag-gestion-territorial","tag-gobierno-de-santiago","tag-guardianes-del-bosque","tag-infraestructura-verde","tag-lo-espejo","tag-maipu-2","tag-maria-pinto","tag-medioambiente","tag-metodo-miyawaki","tag-orbe","tag-orbe-ambiental-y-legal","tag-participacion-ciudadana","tag-plantacion-comunitaria","tag-pudahuel","tag-quilicura","tag-quinta-normal","tag-recuperacion-de-espacios-urbanos","tag-reforestacion-urbana","tag-region-metropolitana","tag-renca","tag-soluciones-basadas-en-la-naturaleza","tag-sostenibilidad","tag-talagante","tag-talleres-comunitarios","tag-vinculacion-comunitaria"],"_links":{"self":[{"href":"https:\/\/www.grupo-o2.cl\/blog\/wp-json\/wp\/v2\/posts\/5480","targetHints":{"allow":["GET"]}}],"collection":[{"href":"https:\/\/www.grupo-o2.cl\/blog\/wp-json\/wp\/v2\/posts"}],"about":[{"href":"https:\/\/www.grupo-o2.cl\/blog\/wp-json\/wp\/v2\/types\/post"}],"author":[{"embeddable":true,"href":"https:\/\/www.grupo-o2.cl\/blog\/wp-json\/wp\/v2\/users\/3"}],"replies":[{"embeddable":true,"href":"https:\/\/www.grupo-o2.cl\/blog\/wp-json\/wp\/v2\/comments?post=5480"}],"version-history":[{"count":8,"href":"https:\/\/www.grupo-o2.cl\/blog\/wp-json\/wp\/v2\/posts\/5480\/revisions"}],"predecessor-version":[{"id":5489,"href":"https:\/\/www.grupo-o2.cl\/blog\/wp-json\/wp\/v2\/posts\/5480\/revisions\/5489"}],"wp:featuredmedia":[{"embeddable":true,"href":"https:\/\/www.grupo-o2.cl\/blog\/wp-json\/wp\/v2\/media\/5481"}],"wp:attachment":[{"href":"https:\/\/www.grupo-o2.cl\/blog\/wp-json\/wp\/v2\/media?parent=5480"}],"wp:term":[{"taxonomy":"category","embeddable":true,"href":"https:\/\/www.grupo-o2.cl\/blog\/wp-json\/wp\/v2\/categories?post=5480"},{"taxonomy":"post_tag","embeddable":true,"href":"https:\/\/www.grupo-o2.cl\/blog\/wp-json\/wp\/v2\/tags?post=5480"}],"curies":[{"name":"wp","href":"https:\/\/api.w.org\/{rel}","templated":true}]}}