{"id":5470,"date":"2026-09-01T15:39:54","date_gmt":"2026-09-01T18:39:54","guid":{"rendered":"https:\/\/www.grupo-o2.cl\/blog\/?p=5470"},"modified":"2026-09-01T15:40:25","modified_gmt":"2026-09-01T18:40:25","slug":"rrhh-capacitaciones-en-buk-agosto","status":"publish","type":"post","link":"https:\/\/www.grupo-o2.cl\/blog\/rrhh-capacitaciones-en-buk-agosto\/","title":{"rendered":"RRHH: Capacitaciones en BUK \u2013 Agosto"},"content":{"rendered":"\t\t<div data-elementor-type=\"wp-post\" data-elementor-id=\"5470\" class=\"elementor elementor-5470\">\n\t\t\t\t\t\t\t<div class=\"elementor-element elementor-element-3835d92e e-flex e-con-boxed e-con e-parent\" data-id=\"3835d92e\" data-element_type=\"container\" data-settings=\"{&quot;content_width&quot;:&quot;boxed&quot;}\" data-core-v316-plus=\"true\">\n\t\t\t\t\t<div class=\"e-con-inner\">\n\t\t\t\t<div class=\"elementor-element elementor-element-b57cdf elementor-widget elementor-widget-text-editor\" data-id=\"b57cdf\" data-element_type=\"widget\" data-widget_type=\"text-editor.default\">\n\t\t\t\t<div class=\"elementor-widget-container\">\n\t\t\t<style>\/*! elementor - v3.18.0 - 20-12-2023 *\/\n.elementor-widget-text-editor.elementor-drop-cap-view-stacked .elementor-drop-cap{background-color:#69727d;color:#fff}.elementor-widget-text-editor.elementor-drop-cap-view-framed .elementor-drop-cap{color:#69727d;border:3px solid;background-color:transparent}.elementor-widget-text-editor:not(.elementor-drop-cap-view-default) .elementor-drop-cap{margin-top:8px}.elementor-widget-text-editor:not(.elementor-drop-cap-view-default) .elementor-drop-cap-letter{width:1em;height:1em}.elementor-widget-text-editor .elementor-drop-cap{float:left;text-align:center;line-height:1;font-size:50px}.elementor-widget-text-editor .elementor-drop-cap-letter{display:inline-block}<\/style>\t\t\t\t<!-- wp:paragraph --><!-- \/wp:paragraph --><!-- wp:paragraph -->\n<p>Durante el mes de agosto se realizaron capacitaciones dirigidas a los l\u00edderes de la oficina central, enfocadas en el funcionamiento de la plataforma BUK. El objetivo principal fue facilitar el uso de la herramienta y apoyar a quienes no pudieron participar presencialmente. Para ello, se envi\u00f3 material de apoyo que les permitir\u00e1 revisar los contenidos abordados.<\/p>\n<p>\u00a0<\/p>\n<!-- \/wp:paragraph --><!-- wp:paragraph -->\n<p>Les invitamos a revisar la informaci\u00f3n y acercarse al \u00e1rea de Gesti\u00f3n de personas en caso de dudas o consultas adicionales.<\/p>\n<p>\u00a0<\/p>\n<!-- \/wp:paragraph --><!-- wp:image {\"id\":5471,\"width\":\"624px\",\"height\":\"auto\",\"aspectRatio\":\"3.183673469387755\",\"sizeSlug\":\"full\",\"linkDestination\":\"none\",\"align\":\"center\"} -->\n<figure class=\"wp-block-image aligncenter size-full is-resized\"><img fetchpriority=\"high\" decoding=\"async\" width=\"624\" height=\"196\" class=\"wp-image-5471\" style=\"aspect-ratio: 3.183673469387755; width: 624px; height: auto;\" src=\"https:\/\/www.grupo-o2.cl\/blog\/wp-content\/uploads\/2026\/09\/image.png\" alt=\"\" srcset=\"https:\/\/www.grupo-o2.cl\/blog\/wp-content\/uploads\/2026\/09\/image.png 624w, https:\/\/www.grupo-o2.cl\/blog\/wp-content\/uploads\/2026\/09\/image-300x94.png 300w\" sizes=\"(max-width: 624px) 100vw, 624px\" \/><\/figure>\n<!-- \/wp:image --><!-- wp:paragraph -->\n<p>\u00a0<\/p>\n<!-- \/wp:paragraph -->\t\t\t\t\t\t<\/div>\n\t\t\t\t<\/div>\n\t\t\t\t\t<\/div>\n\t\t\t\t<\/div>\n\t\t\t\t\t\t\t<\/div>\n\t\t","protected":false},"excerpt":{"rendered":"<p>Durante el mes de agosto se realizaron capacitaciones dirigidas a los l\u00edderes de la oficina central, enfocadas en el funcionamiento de la plataforma BUK. El objetivo principal fue facilitar el uso de la herramienta y apoyar a quienes no pudieron participar presencialmente. Para ello, se envi\u00f3 material de apoyo que les permitir\u00e1 revisar los contenidos [&hellip;]<\/p>\n","protected":false},"author":3,"featured_media":5473,"comment_status":"open","ping_status":"open","sticky":false,"template":"","format":"standard","meta":{"footnotes":""},"categories":[19],"tags":[1031,1379,1378],"class_list":["post-5470","post","type-post","status-publish","format-standard","has-post-thumbnail","hentry","category-grupo-o2","tag-buk","tag-capcitacion","tag-fanto"],"_links":{"self":[{"href":"https:\/\/www.grupo-o2.cl\/blog\/wp-json\/wp\/v2\/posts\/5470","targetHints":{"allow":["GET"]}}],"collection":[{"href":"https:\/\/www.grupo-o2.cl\/blog\/wp-json\/wp\/v2\/posts"}],"about":[{"href":"https:\/\/www.grupo-o2.cl\/blog\/wp-json\/wp\/v2\/types\/post"}],"author":[{"embeddable":true,"href":"https:\/\/www.grupo-o2.cl\/blog\/wp-json\/wp\/v2\/users\/3"}],"replies":[{"embeddable":true,"href":"https:\/\/www.grupo-o2.cl\/blog\/wp-json\/wp\/v2\/comments?post=5470"}],"version-history":[{"count":7,"href":"https:\/\/www.grupo-o2.cl\/blog\/wp-json\/wp\/v2\/posts\/5470\/revisions"}],"predecessor-version":[{"id":5479,"href":"https:\/\/www.grupo-o2.cl\/blog\/wp-json\/wp\/v2\/posts\/5470\/revisions\/5479"}],"wp:featuredmedia":[{"embeddable":true,"href":"https:\/\/www.grupo-o2.cl\/blog\/wp-json\/wp\/v2\/media\/5473"}],"wp:attachment":[{"href":"https:\/\/www.grupo-o2.cl\/blog\/wp-json\/wp\/v2\/media?parent=5470"}],"wp:term":[{"taxonomy":"category","embeddable":true,"href":"https:\/\/www.grupo-o2.cl\/blog\/wp-json\/wp\/v2\/categories?post=5470"},{"taxonomy":"post_tag","embeddable":true,"href":"https:\/\/www.grupo-o2.cl\/blog\/wp-json\/wp\/v2\/tags?post=5470"}],"curies":[{"name":"wp","href":"https:\/\/api.w.org\/{rel}","templated":true}]}}