{"id":5460,"date":"2026-09-01T15:36:28","date_gmt":"2026-09-01T18:36:28","guid":{"rendered":"https:\/\/www.grupo-o2.cl\/blog\/?p=5460"},"modified":"2026-09-01T15:38:06","modified_gmt":"2026-09-01T18:38:06","slug":"rrhh-bienvenida-a-nuevos-colaboradores-del-mes-de-agosto","status":"publish","type":"post","link":"https:\/\/www.grupo-o2.cl\/blog\/rrhh-bienvenida-a-nuevos-colaboradores-del-mes-de-agosto\/","title":{"rendered":"RRHH: Bienvenida a nuevos colaboradores del mes de Agosto"},"content":{"rendered":"\t\t<div data-elementor-type=\"wp-post\" data-elementor-id=\"5460\" class=\"elementor elementor-5460\">\n\t\t\t\t\t\t\t<div class=\"elementor-element elementor-element-60845d0d e-flex e-con-boxed e-con e-parent\" data-id=\"60845d0d\" data-element_type=\"container\" data-settings=\"{&quot;content_width&quot;:&quot;boxed&quot;}\" data-core-v316-plus=\"true\">\n\t\t\t\t\t<div class=\"e-con-inner\">\n\t\t\t\t<div class=\"elementor-element elementor-element-fe9b04c elementor-widget elementor-widget-text-editor\" data-id=\"fe9b04c\" data-element_type=\"widget\" data-widget_type=\"text-editor.default\">\n\t\t\t\t<div class=\"elementor-widget-container\">\n\t\t\t<style>\/*! elementor - v3.18.0 - 20-12-2023 *\/\n.elementor-widget-text-editor.elementor-drop-cap-view-stacked .elementor-drop-cap{background-color:#69727d;color:#fff}.elementor-widget-text-editor.elementor-drop-cap-view-framed .elementor-drop-cap{color:#69727d;border:3px solid;background-color:transparent}.elementor-widget-text-editor:not(.elementor-drop-cap-view-default) .elementor-drop-cap{margin-top:8px}.elementor-widget-text-editor:not(.elementor-drop-cap-view-default) .elementor-drop-cap-letter{width:1em;height:1em}.elementor-widget-text-editor .elementor-drop-cap{float:left;text-align:center;line-height:1;font-size:50px}.elementor-widget-text-editor .elementor-drop-cap-letter{display:inline-block}<\/style>\t\t\t\t<p><span style=\"color: #000000;\"><!-- wp:paragraph --><\/span><\/p>\n<p><span style=\"color: #000000;\">En nombre de todas las empresas del grupo: Prosiga, Orbe Ambiental &amp; Legal, Orbe Inversiones, B2B Rental, Auto Justo, Arka Servicio y otras entidades colaboradoras queremos darles una c\u00e1lida y entusiasta bienvenida a todas las personas que se integran a nuestros equipos.<\/span><\/p>\n<p>\u00a0<\/p>\n<p><span style=\"color: #000000;\"><!-- \/wp:paragraph --><!-- wp:paragraph --><\/span><\/p>\n<p><span style=\"color: #000000;\"><strong>Distintos talentos<\/strong> se unen a nosotros en diversos proyectos estrat\u00e9gicos como, Collahuasi, Codelco DET, Canal Chacabuco, Curilelfu, los Trapenses, Nueva Ancud, Canal Waddignton y Oficina Central.<\/span><\/p>\n<p>\u00a0<\/p>\n<p><span style=\"color: #000000;\"><!-- \/wp:paragraph --><!-- wp:paragraph --><\/span><\/p>\n<p><span style=\"color: #000000;\">Nos llena de alegr\u00eda contar con profesionales comprometidos como ustedes, que con su experiencia, entusiasmo y compromiso contribuir\u00e1n a seguir construyendo un entorno de excelencia, innovaci\u00f3n y colaboraci\u00f3n.<\/span><\/p>\n<p>\u00a0<\/p>\n<p><span style=\"color: #000000;\"><!-- \/wp:paragraph --><!-- wp:paragraph --><\/span><\/p>\n<p><span style=\"color: #000000;\">Ya sea que se integren a proyectos de infraestructura, salud, medioambiente, ingenier\u00eda u operaciones, cada uno de ustedes representa un aporte valioso y clave para alcanzar nuestras metas comunes.<\/span><\/p>\n<p>\u00a0<\/p>\n<p><span style=\"color: #000000;\"><!-- \/wp:paragraph --><!-- wp:paragraph --><\/span><\/p>\n<p><span style=\"color: #000000;\">Los invitamos a vivir esta nueva etapa con motivaci\u00f3n, sentido de prop\u00f3sito y trabajo en equipo. \u00a1Este es solo el comienzo de una experiencia desafiante y enriquecedora!<\/span><\/p>\n<p>\u00a0<\/p>\n<p><span style=\"color: #000000;\"><!-- \/wp:paragraph --><!-- wp:paragraph --><\/span><\/p>\n<p><span style=\"color: #000000;\"><strong><u>Bienvenidos Oficina Central &amp; Proyectos<\/u><\/strong><\/span><\/p>\n<p>\u00a0<\/p>\n<p><span style=\"color: #000000;\"><!-- \/wp:paragraph --><!-- wp:table --><\/span><\/p>\n<figure class=\"wp-block-table\">\n<table class=\"has-fixed-layout\">\n<tbody>\n<tr>\n<td><span style=\"color: #000000;\"><strong>COLABORADOR<\/strong><\/span><\/td>\n<td><span style=\"color: #000000;\"><strong>EMPRESA<\/strong><\/span><\/td>\n<\/tr>\n<tr>\n<td><span style=\"color: #000000;\">Adriana S\u00e1nchez<\/span><\/td>\n<td><span style=\"color: #000000;\">ORBE AMBIENTAL &amp; LEGAL<\/span><\/td>\n<\/tr>\n<tr>\n<td><span style=\"color: #000000;\">Jos\u00e9 Oviedo<\/span><\/td>\n<td><span style=\"color: #000000;\">ORBE AMBIENTAL &amp; LEGAL<\/span><\/td>\n<\/tr>\n<tr>\n<td><span style=\"color: #000000;\">Alberto Jara<\/span><\/td>\n<td><span style=\"color: #000000;\">ORBE AMBIENTAL &amp; LEGAL<\/span><\/td>\n<\/tr>\n<tr>\n<td><span style=\"color: #000000;\">Anastacio Huanaco<\/span><\/td>\n<td><span style=\"color: #000000;\">ORBE AMBIENTAL &amp; LEGAL<\/span><\/td>\n<\/tr>\n<tr>\n<td><span style=\"color: #000000;\">Pedro Aguilar<\/span><\/td>\n<td><span style=\"color: #000000;\">ORBE AMBIENTAL &amp; LEGAL<\/span><\/td>\n<\/tr>\n<tr>\n<td><span style=\"color: #000000;\">Claudio Quispe<\/span><\/td>\n<td><span style=\"color: #000000;\">ORBE AMBIENTAL &amp; LEGAL<\/span><\/td>\n<\/tr>\n<tr>\n<td><span style=\"color: #000000;\">Christian Araya<\/span><\/td>\n<td><span style=\"color: #000000;\">ORBE AMBIENTAL &amp; LEGAL<\/span><\/td>\n<\/tr>\n<tr>\n<td><span style=\"color: #000000;\">Tamara Flores<\/span><\/td>\n<td><span style=\"color: #000000;\">ORBE AMBIENTAL &amp; LEGAL<\/span><\/td>\n<\/tr>\n<tr>\n<td><span style=\"color: #000000;\">Francisca Duran<\/span><\/td>\n<td><span style=\"color: #000000;\">ORBE AMBIENTAL &amp; LEGAL<\/span><\/td>\n<\/tr>\n<tr>\n<td><span style=\"color: #000000;\">Francisco Saldias<\/span><\/td>\n<td><span style=\"color: #000000;\">ORBE AMBIENTAL &amp; LEGAL<\/span><\/td>\n<\/tr>\n<tr>\n<td><span style=\"color: #000000;\">Leslie Pizarro<\/span><\/td>\n<td><span style=\"color: #000000;\">ORBE AMBIENTAL &amp; LEGAL<\/span><\/td>\n<\/tr>\n<tr>\n<td><span style=\"color: #000000;\">Manuela Fern\u00e1ndez<\/span><\/td>\n<td><span style=\"color: #000000;\">ORBE AMBIENTAL &amp; LEGAL<\/span><\/td>\n<\/tr>\n<tr>\n<td><span style=\"color: #000000;\">Ricardo Taboada<\/span><\/td>\n<td><span style=\"color: #000000;\">ORBE AMBIENTAL &amp; LEGAL<\/span><\/td>\n<\/tr>\n<tr>\n<td><span style=\"color: #000000;\">David Aranguiz<\/span><\/td>\n<td><span style=\"color: #000000;\">ORBE AMBIENTAL &amp; LEGAL<\/span><\/td>\n<\/tr>\n<tr>\n<td><span style=\"color: #000000;\">Mar\u00eda Ignacia Segovia<\/span><\/td>\n<td><span style=\"color: #000000;\">ORBE AMBIENTAL &amp; LEGAL<\/span><\/td>\n<\/tr>\n<tr>\n<td><span style=\"color: #000000;\">Ana Julia Duran<\/span><\/td>\n<td><span style=\"color: #000000;\">ORBE AMBIENTAL &amp; LEGAL<\/span><\/td>\n<\/tr>\n<tr>\n<td><span style=\"color: #000000;\">Bastian Hern\u00e1ndez<\/span><\/td>\n<td><span style=\"color: #000000;\">ORBE AMBIENTAL &amp; LEGAL<\/span><\/td>\n<\/tr>\n<tr>\n<td><span style=\"color: #000000;\">Gandyer P\u00e1ez<\/span><\/td>\n<td><span style=\"color: #000000;\">ORBE AMBIENTAL &amp; LEGAL<\/span><\/td>\n<\/tr>\n<tr>\n<td><span style=\"color: #000000;\">Mauricio Pinaud<\/span><\/td>\n<td><span style=\"color: #000000;\">PROSIGA<\/span><\/td>\n<\/tr>\n<tr>\n<td><span style=\"color: #000000;\">Yerko Pleticosic<\/span><\/td>\n<td><span style=\"color: #000000;\">PROSIGA<\/span><\/td>\n<\/tr>\n<tr>\n<td><span style=\"color: #000000;\">Ronald Hidalgo<\/span><\/td>\n<td><span style=\"color: #000000;\">PROSIGA<\/span><\/td>\n<\/tr>\n<tr>\n<td><span style=\"color: #000000;\">Andr\u00e9s Matus<\/span><\/td>\n<td><span style=\"color: #000000;\">PROSIGA<\/span><\/td>\n<\/tr>\n<tr>\n<td><span style=\"color: #000000;\">Guillermo Pacheco<\/span><\/td>\n<td><span style=\"color: #000000;\">PROSIGA<\/span><\/td>\n<\/tr>\n<tr>\n<td><span style=\"color: #000000;\">Axel Herrera<\/span><\/td>\n<td><span style=\"color: #000000;\">PROSIGA<\/span><\/td>\n<\/tr>\n<tr>\n<td><span style=\"color: #000000;\">Marco Sanfurgo<\/span><\/td>\n<td><span style=\"color: #000000;\">PROSIGA<\/span><\/td>\n<\/tr>\n<tr>\n<td><span style=\"color: #000000;\">Camila Navarro<\/span><\/td>\n<td><span style=\"color: #000000;\">PROSIGA<\/span><\/td>\n<\/tr>\n<tr>\n<td><span style=\"color: #000000;\">Jos\u00e9 Miguel Campos<\/span><\/td>\n<td><span style=\"color: #000000;\">PROSIGA<\/span><\/td>\n<\/tr>\n<tr>\n<td><span style=\"color: #000000;\">Cristian Morales<\/span><\/td>\n<td><span style=\"color: #000000;\">PROSIGA<\/span><\/td>\n<\/tr>\n<tr>\n<td><span style=\"color: #000000;\">Jean Paul Salazar<\/span><\/td>\n<td><span style=\"color: #000000;\">PROSIGA<\/span><\/td>\n<\/tr>\n<tr>\n<td><span style=\"color: #000000;\">Hernaldo Rodr\u00edguez<\/span><\/td>\n<td><span style=\"color: #000000;\">PROSIGA<\/span><\/td>\n<\/tr>\n<tr>\n<td><span style=\"color: #000000;\">Beatriz Saldivia<\/span><\/td>\n<td><span style=\"color: #000000;\">PROSIGA<\/span><\/td>\n<\/tr>\n<tr>\n<td><span style=\"color: #000000;\">Oscar Urra<\/span><\/td>\n<td><span style=\"color: #000000;\">PROSIGA<\/span><\/td>\n<\/tr>\n<tr>\n<td><span style=\"color: #000000;\">Nicolas Carre\u00f1o<\/span><\/td>\n<td><span style=\"color: #000000;\">PROSIGA<\/span><\/td>\n<\/tr>\n<tr>\n<td><span style=\"color: #000000;\">Juan Silva<\/span><\/td>\n<td><span style=\"color: #000000;\">PROSIGA<\/span><\/td>\n<\/tr>\n<tr>\n<td><span style=\"color: #000000;\">Jaime Toro<\/span><\/td>\n<td><span style=\"color: #000000;\">PROSIGA<\/span><\/td>\n<\/tr>\n<tr>\n<td><span style=\"color: #000000;\">Mariela S\u00e1nchez<\/span><\/td>\n<td><span style=\"color: #000000;\">PROSIGA<\/span><\/td>\n<\/tr>\n<tr>\n<td><span style=\"color: #000000;\">Javier Verdejo<\/span><\/td>\n<td><span style=\"color: #000000;\">PROSIGA<\/span><\/td>\n<\/tr>\n<tr>\n<td><span style=\"color: #000000;\">Eduardo Velasquez<\/span><\/td>\n<td><span style=\"color: #000000;\">ORBE OBRAS<\/span><\/td>\n<\/tr>\n<tr>\n<td><span style=\"color: #000000;\">Wilber Avenda\u00f1o<\/span><\/td>\n<td><span style=\"color: #000000;\">B2B RENTAL<\/span><\/td>\n<\/tr>\n<tr>\n<td><span style=\"color: #000000;\">Alejandro Catalan<\/span><\/td>\n<td><span style=\"color: #000000;\">B2B RENTAL<\/span><\/td>\n<\/tr>\n<tr>\n<td><span style=\"color: #000000;\">Marcelo Cruz<\/span><\/td>\n<td><span style=\"color: #000000;\">B2B RENTAL<\/span><\/td>\n<\/tr>\n<\/tbody>\n<\/table>\n<\/figure>\n<p><span style=\"color: #000000;\"><!-- \/wp:table --><\/span><\/p>\t\t\t\t\t\t<\/div>\n\t\t\t\t<\/div>\n\t\t\t\t\t<\/div>\n\t\t\t\t<\/div>\n\t\t\t\t\t\t\t<\/div>\n\t\t","protected":false},"excerpt":{"rendered":"<p>En nombre de todas las empresas del grupo: Prosiga, Orbe Ambiental &amp; Legal, Orbe Inversiones, B2B Rental, Auto Justo, Arka Servicio y otras entidades colaboradoras queremos darles una c\u00e1lida y entusiasta bienvenida a todas las personas que se integran a nuestros equipos. \u00a0 Distintos talentos se unen a nosotros en diversos proyectos estrat\u00e9gicos como, Collahuasi, [&hellip;]<\/p>\n","protected":false},"author":3,"featured_media":5466,"comment_status":"open","ping_status":"open","sticky":false,"template":"","format":"standard","meta":{"footnotes":""},"categories":[19],"tags":[1377,281,597,215],"class_list":["post-5460","post","type-post","status-publish","format-standard","has-post-thumbnail","hentry","category-grupo-o2","tag-agosto","tag-bienvenida","tag-nuevos-trabajadores","tag-rrhh"],"_links":{"self":[{"href":"https:\/\/www.grupo-o2.cl\/blog\/wp-json\/wp\/v2\/posts\/5460","targetHints":{"allow":["GET"]}}],"collection":[{"href":"https:\/\/www.grupo-o2.cl\/blog\/wp-json\/wp\/v2\/posts"}],"about":[{"href":"https:\/\/www.grupo-o2.cl\/blog\/wp-json\/wp\/v2\/types\/post"}],"author":[{"embeddable":true,"href":"https:\/\/www.grupo-o2.cl\/blog\/wp-json\/wp\/v2\/users\/3"}],"replies":[{"embeddable":true,"href":"https:\/\/www.grupo-o2.cl\/blog\/wp-json\/wp\/v2\/comments?post=5460"}],"version-history":[{"count":8,"href":"https:\/\/www.grupo-o2.cl\/blog\/wp-json\/wp\/v2\/posts\/5460\/revisions"}],"predecessor-version":[{"id":5469,"href":"https:\/\/www.grupo-o2.cl\/blog\/wp-json\/wp\/v2\/posts\/5460\/revisions\/5469"}],"wp:featuredmedia":[{"embeddable":true,"href":"https:\/\/www.grupo-o2.cl\/blog\/wp-json\/wp\/v2\/media\/5466"}],"wp:attachment":[{"href":"https:\/\/www.grupo-o2.cl\/blog\/wp-json\/wp\/v2\/media?parent=5460"}],"wp:term":[{"taxonomy":"category","embeddable":true,"href":"https:\/\/www.grupo-o2.cl\/blog\/wp-json\/wp\/v2\/categories?post=5460"},{"taxonomy":"post_tag","embeddable":true,"href":"https:\/\/www.grupo-o2.cl\/blog\/wp-json\/wp\/v2\/tags?post=5460"}],"curies":[{"name":"wp","href":"https:\/\/api.w.org\/{rel}","templated":true}]}}