{"id":5440,"date":"2026-09-01T12:11:26","date_gmt":"2026-09-01T15:11:26","guid":{"rendered":"https:\/\/www.grupo-o2.cl\/blog\/?p=5440"},"modified":"2026-09-01T12:11:58","modified_gmt":"2026-09-01T15:11:58","slug":"actualizacion-de-canales-de-atencion-y-coordinacion-b2b-rental","status":"publish","type":"post","link":"https:\/\/www.grupo-o2.cl\/blog\/actualizacion-de-canales-de-atencion-y-coordinacion-b2b-rental\/","title":{"rendered":"Actualizaci\u00f3n de canales de atenci\u00f3n y coordinaci\u00f3n B2B Rental"},"content":{"rendered":"\t\t<div data-elementor-type=\"wp-post\" data-elementor-id=\"5440\" class=\"elementor elementor-5440\">\n\t\t\t\t\t\t\t<div class=\"elementor-element elementor-element-74bfe4f7 e-flex e-con-boxed e-con e-parent\" data-id=\"74bfe4f7\" data-element_type=\"container\" data-settings=\"{&quot;content_width&quot;:&quot;boxed&quot;}\" data-core-v316-plus=\"true\">\n\t\t\t\t\t<div class=\"e-con-inner\">\n\t\t\t\t<div class=\"elementor-element elementor-element-65d424f8 elementor-widget elementor-widget-text-editor\" data-id=\"65d424f8\" data-element_type=\"widget\" data-widget_type=\"text-editor.default\">\n\t\t\t\t<div class=\"elementor-widget-container\">\n\t\t\t<style>\/*! elementor - v3.18.0 - 20-12-2023 *\/\n.elementor-widget-text-editor.elementor-drop-cap-view-stacked .elementor-drop-cap{background-color:#69727d;color:#fff}.elementor-widget-text-editor.elementor-drop-cap-view-framed .elementor-drop-cap{color:#69727d;border:3px solid;background-color:transparent}.elementor-widget-text-editor:not(.elementor-drop-cap-view-default) .elementor-drop-cap{margin-top:8px}.elementor-widget-text-editor:not(.elementor-drop-cap-view-default) .elementor-drop-cap-letter{width:1em;height:1em}.elementor-widget-text-editor .elementor-drop-cap{float:left;text-align:center;line-height:1;font-size:50px}.elementor-widget-text-editor .elementor-drop-cap-letter{display:inline-block}<\/style>\t\t\t\t<!-- wp:paragraph -->\n<p><strong>Estimados clientes y talleres colaboradores:<\/strong><\/p>\n<p>\u00a0<\/p>\n<!-- \/wp:paragraph --><!-- wp:paragraph -->\n<p>Junto con saludar, queremos informarles que <strong>Crist\u00f3bal Guti\u00e9rrez, Administrador de Flota y Contratos, ha dejado de formar parte del equipo de B2B Rental<\/strong>.<\/p>\n<p>\u00a0<\/p>\n<!-- \/wp:paragraph --><!-- wp:paragraph -->\n<p>Con el objetivo de asegurar la continuidad y correcta gesti\u00f3n de nuestros requerimientos, a partir de esta fecha todas las solicitudes, consultas y coordinaciones operacionales deber\u00e1n ser canalizadas a trav\u00e9s de nuestro equipo de Operaciones mediante el siguiente correo electr\u00f3nico:<\/p>\n<p>\u00a0<\/p>\n<!-- \/wp:paragraph --><!-- wp:paragraph -->\n<p><strong>operaciones@b2brental.cl<\/strong><\/p>\n<p>\u00a0<\/p>\n<!-- \/wp:paragraph --><!-- wp:paragraph -->\n<p>Este canal ser\u00e1 el medio oficial para la recepci\u00f3n y gesti\u00f3n de:<\/p>\n<!-- \/wp:paragraph --><!-- wp:list -->\n<ul class=\"wp-block-list\"><!-- wp:list-item -->\n<li>Solicitudes y consultas operacionales.<\/li>\n<!-- \/wp:list-item --><!-- wp:list-item -->\n<li>Coordinaciones asociadas a veh\u00edculos.<\/li>\n<!-- \/wp:list-item --><!-- wp:list-item -->\n<li>\u00d3rdenes de trabajo.<\/li>\n<!-- \/wp:list-item --><!-- wp:list-item -->\n<li>Mantenciones y reparaciones.<\/li>\n<!-- \/wp:list-item --><!-- wp:list-item -->\n<li>Seguimiento de requerimientos.<\/li>\n<!-- \/wp:list-item --><!-- wp:list-item -->\n<li>Cualquier otra gesti\u00f3n relacionada con la operaci\u00f3n de B2B Rental.<\/li>\n<!-- \/wp:list-item --><\/ul>\n<p>\u00a0<\/p>\n<!-- \/wp:list --><!-- wp:paragraph -->\n<p>El <strong>equipo de Operaciones<\/strong>, en conjunto con <strong>Sergio Pe\u00f1a, Administrador de Flota y Contratos<\/strong>, ser\u00e1 el responsable de recibir, coordinar y dar respuesta a sus requerimientos, asegurando la continuidad del servicio, la trazabilidad de cada solicitud y el adecuado seguimiento de las gestiones en curso.<\/p>\n<p>\u00a0<\/p>\n<!-- \/wp:paragraph --><!-- wp:paragraph -->\n<p>Agradecemos desde ya su colaboraci\u00f3n utilizando este canal para todas las coordinaciones futuras con B2B Rental. Asimismo, solicitamos mantener actualizados sus datos de contacto para facilitar una comunicaci\u00f3n oportuna y eficiente.<\/p>\n<p>\u00a0<\/p>\n<!-- \/wp:paragraph --><!-- wp:paragraph -->\n<p><strong>Atentamente,<\/strong><\/p>\n<!-- \/wp:paragraph --><!-- wp:paragraph -->\n<p><strong>Equipo B2B Rental<\/strong><\/p>\n<!-- \/wp:paragraph -->\t\t\t\t\t\t<\/div>\n\t\t\t\t<\/div>\n\t\t\t\t\t<\/div>\n\t\t\t\t<\/div>\n\t\t\t\t\t\t\t<\/div>\n\t\t","protected":false},"excerpt":{"rendered":"<p>Estimados clientes y talleres colaboradores: \u00a0 Junto con saludar, queremos informarles que Crist\u00f3bal Guti\u00e9rrez, Administrador de Flota y Contratos, ha dejado de formar parte del equipo de B2B Rental. \u00a0 Con el objetivo de asegurar la continuidad y correcta gesti\u00f3n de nuestros requerimientos, a partir de esta fecha todas las solicitudes, consultas y coordinaciones operacionales [&hellip;]<\/p>\n","protected":false},"author":3,"featured_media":5442,"comment_status":"open","ping_status":"open","sticky":false,"template":"","format":"standard","meta":{"footnotes":""},"categories":[19],"tags":[290,1367,1371,1373],"class_list":["post-5440","post","type-post","status-publish","format-standard","has-post-thumbnail","hentry","category-grupo-o2","tag-b2b-rental","tag-coordinacion","tag-leasing","tag-leasing-operativo"],"_links":{"self":[{"href":"https:\/\/www.grupo-o2.cl\/blog\/wp-json\/wp\/v2\/posts\/5440","targetHints":{"allow":["GET"]}}],"collection":[{"href":"https:\/\/www.grupo-o2.cl\/blog\/wp-json\/wp\/v2\/posts"}],"about":[{"href":"https:\/\/www.grupo-o2.cl\/blog\/wp-json\/wp\/v2\/types\/post"}],"author":[{"embeddable":true,"href":"https:\/\/www.grupo-o2.cl\/blog\/wp-json\/wp\/v2\/users\/3"}],"replies":[{"embeddable":true,"href":"https:\/\/www.grupo-o2.cl\/blog\/wp-json\/wp\/v2\/comments?post=5440"}],"version-history":[{"count":7,"href":"https:\/\/www.grupo-o2.cl\/blog\/wp-json\/wp\/v2\/posts\/5440\/revisions"}],"predecessor-version":[{"id":5448,"href":"https:\/\/www.grupo-o2.cl\/blog\/wp-json\/wp\/v2\/posts\/5440\/revisions\/5448"}],"wp:featuredmedia":[{"embeddable":true,"href":"https:\/\/www.grupo-o2.cl\/blog\/wp-json\/wp\/v2\/media\/5442"}],"wp:attachment":[{"href":"https:\/\/www.grupo-o2.cl\/blog\/wp-json\/wp\/v2\/media?parent=5440"}],"wp:term":[{"taxonomy":"category","embeddable":true,"href":"https:\/\/www.grupo-o2.cl\/blog\/wp-json\/wp\/v2\/categories?post=5440"},{"taxonomy":"post_tag","embeddable":true,"href":"https:\/\/www.grupo-o2.cl\/blog\/wp-json\/wp\/v2\/tags?post=5440"}],"curies":[{"name":"wp","href":"https:\/\/api.w.org\/{rel}","templated":true}]}}