{"id":5427,"date":"2026-09-01T11:06:22","date_gmt":"2026-09-01T14:06:22","guid":{"rendered":"https:\/\/www.grupo-o2.cl\/blog\/?p=5427"},"modified":"2026-09-01T11:11:04","modified_gmt":"2026-09-01T14:11:04","slug":"fortalecemos-nuestra-gestion-comercial-como-grupo-o2","status":"publish","type":"post","link":"https:\/\/www.grupo-o2.cl\/blog\/fortalecemos-nuestra-gestion-comercial-como-grupo-o2\/","title":{"rendered":"Fortalecemos nuestra gesti\u00f3n comercial como Grupo-o2"},"content":{"rendered":"\t\t<div data-elementor-type=\"wp-post\" data-elementor-id=\"5427\" class=\"elementor elementor-5427\">\n\t\t\t\t\t\t\t<div class=\"elementor-element elementor-element-243414d8 e-flex e-con-boxed e-con e-parent\" data-id=\"243414d8\" data-element_type=\"container\" data-settings=\"{&quot;content_width&quot;:&quot;boxed&quot;}\" data-core-v316-plus=\"true\">\n\t\t\t\t\t<div class=\"e-con-inner\">\n\t\t\t\t<div class=\"elementor-element elementor-element-732d1754 elementor-widget elementor-widget-text-editor\" data-id=\"732d1754\" data-element_type=\"widget\" data-widget_type=\"text-editor.default\">\n\t\t\t\t<div class=\"elementor-widget-container\">\n\t\t\t<style>\/*! elementor - v3.18.0 - 20-12-2023 *\/\n.elementor-widget-text-editor.elementor-drop-cap-view-stacked .elementor-drop-cap{background-color:#69727d;color:#fff}.elementor-widget-text-editor.elementor-drop-cap-view-framed .elementor-drop-cap{color:#69727d;border:3px solid;background-color:transparent}.elementor-widget-text-editor:not(.elementor-drop-cap-view-default) .elementor-drop-cap{margin-top:8px}.elementor-widget-text-editor:not(.elementor-drop-cap-view-default) .elementor-drop-cap-letter{width:1em;height:1em}.elementor-widget-text-editor .elementor-drop-cap{float:left;text-align:center;line-height:1;font-size:50px}.elementor-widget-text-editor .elementor-drop-cap-letter{display:inline-block}<\/style>\t\t\t\t<!-- wp:paragraph -->\n<p>Estimados Colaboradores,<\/p>\n<p>\u00a0<\/p>\n<!-- \/wp:paragraph --><!-- wp:paragraph -->\n<p>Como parte de nuestro proceso permanente de fortalecimiento organizacional, nos complace presentar la nueva estructura transversal del\u00a0<strong>\u00c1rea Comercial de Grupo-O2<\/strong>, dise\u00f1ada para brindar soporte integrado a\u00a0<strong>ORBE Ambiental<\/strong>\u00a0y\u00a0<strong>PROSIGA<\/strong>.<\/p>\n<p>\u00a0<\/p>\n<!-- \/wp:paragraph --><!-- wp:paragraph -->\n<p>Esta nueva estructura tiene como objetivo potenciar la colaboraci\u00f3n entre ambas empresas, promoviendo sinergias y oportunidades comerciales que nos permitan ofrecer a nuestros clientes soluciones m\u00e1s completas e integradas. De esta forma, fortalecemos nuestra propuesta de valor en sectores estrat\u00e9gicos como miner\u00eda, energ\u00eda, infraestructura e industria.<\/p>\n<p>\u00a0<\/p>\n<!-- \/wp:paragraph --><!-- wp:paragraph -->\n<p>Asimismo, esta organizaci\u00f3n busca clarificar roles, responsabilidades y mecanismos de coordinaci\u00f3n comercial, facilitando una interacci\u00f3n m\u00e1s eficiente entre las gerencias, equipos t\u00e9cnicos y \u00e1reas de apoyo de ambas compa\u00f1\u00edas.<\/p>\n<p>\u00a0<\/p>\n<!-- \/wp:paragraph --><!-- wp:paragraph -->\n<p>Con este avance continuamos consolidando un\u00a0<strong>Grupo-O2 m\u00e1s integrado, colaborativo y orientado al crecimiento<\/strong>, preparado para abordar nuevos desaf\u00edos y generar mayores oportunidades para nuestros clientes y equipos.<\/p>\n<p>\u00a0<\/p>\n<!-- \/wp:paragraph --><!-- wp:paragraph -->\n<p>\u00a0<\/p>\n<!-- \/wp:paragraph -->\t\t\t\t\t\t<\/div>\n\t\t\t\t<\/div>\n\t\t\t\t\t<\/div>\n\t\t\t\t<\/div>\n\t\t<div class=\"elementor-element elementor-element-a169633 e-flex e-con-boxed e-con e-parent\" data-id=\"a169633\" data-element_type=\"container\" data-settings=\"{&quot;content_width&quot;:&quot;boxed&quot;}\" data-core-v316-plus=\"true\">\n\t\t\t\t\t<div class=\"e-con-inner\">\n\t\t\t\t<div class=\"elementor-element elementor-element-ae8b947 elementor-widget elementor-widget-image\" data-id=\"ae8b947\" data-element_type=\"widget\" data-widget_type=\"image.default\">\n\t\t\t\t<div class=\"elementor-widget-container\">\n\t\t\t<style>\/*! elementor - v3.18.0 - 20-12-2023 *\/\n.elementor-widget-image{text-align:center}.elementor-widget-image a{display:inline-block}.elementor-widget-image a img[src$=\".svg\"]{width:48px}.elementor-widget-image img{vertical-align:middle;display:inline-block}<\/style>\t\t\t\t\t\t\t\t\t\t\t\t<img fetchpriority=\"high\" decoding=\"async\" width=\"1536\" height=\"903\" src=\"https:\/\/www.grupo-o2.cl\/blog\/wp-content\/uploads\/2026\/09\/ORGANIGRAMA-COMERCIAL-TRANSVERSAL-PROSIGA-ORBE-2026_SEPTIEMBRE_page-0001-1536x903.jpg\" class=\"attachment-1536x1536 size-1536x1536 wp-image-5436\" alt=\"\" srcset=\"https:\/\/www.grupo-o2.cl\/blog\/wp-content\/uploads\/2026\/09\/ORGANIGRAMA-COMERCIAL-TRANSVERSAL-PROSIGA-ORBE-2026_SEPTIEMBRE_page-0001-1536x903.jpg 1536w, https:\/\/www.grupo-o2.cl\/blog\/wp-content\/uploads\/2026\/09\/ORGANIGRAMA-COMERCIAL-TRANSVERSAL-PROSIGA-ORBE-2026_SEPTIEMBRE_page-0001-300x176.jpg 300w, https:\/\/www.grupo-o2.cl\/blog\/wp-content\/uploads\/2026\/09\/ORGANIGRAMA-COMERCIAL-TRANSVERSAL-PROSIGA-ORBE-2026_SEPTIEMBRE_page-0001-1024x602.jpg 1024w, https:\/\/www.grupo-o2.cl\/blog\/wp-content\/uploads\/2026\/09\/ORGANIGRAMA-COMERCIAL-TRANSVERSAL-PROSIGA-ORBE-2026_SEPTIEMBRE_page-0001-768x452.jpg 768w, https:\/\/www.grupo-o2.cl\/blog\/wp-content\/uploads\/2026\/09\/ORGANIGRAMA-COMERCIAL-TRANSVERSAL-PROSIGA-ORBE-2026_SEPTIEMBRE_page-0001-2048x1204.jpg 2048w, https:\/\/www.grupo-o2.cl\/blog\/wp-content\/uploads\/2026\/09\/ORGANIGRAMA-COMERCIAL-TRANSVERSAL-PROSIGA-ORBE-2026_SEPTIEMBRE_page-0001-675x397.jpg 675w, https:\/\/www.grupo-o2.cl\/blog\/wp-content\/uploads\/2026\/09\/ORGANIGRAMA-COMERCIAL-TRANSVERSAL-PROSIGA-ORBE-2026_SEPTIEMBRE_page-0001-1400x823.jpg 1400w, https:\/\/www.grupo-o2.cl\/blog\/wp-content\/uploads\/2026\/09\/ORGANIGRAMA-COMERCIAL-TRANSVERSAL-PROSIGA-ORBE-2026_SEPTIEMBRE_page-0001-1920x1129.jpg 1920w\" sizes=\"(max-width: 1536px) 100vw, 1536px\" \/>\t\t\t\t\t\t\t\t\t\t\t\t\t\t\t<\/div>\n\t\t\t\t<\/div>\n\t\t\t\t\t<\/div>\n\t\t\t\t<\/div>\n\t\t\t\t\t\t\t<\/div>\n\t\t","protected":false},"excerpt":{"rendered":"<p>Estimados Colaboradores, \u00a0 Como parte de nuestro proceso permanente de fortalecimiento organizacional, nos complace presentar la nueva estructura transversal del\u00a0\u00c1rea Comercial de Grupo-O2, dise\u00f1ada para brindar soporte integrado a\u00a0ORBE Ambiental\u00a0y\u00a0PROSIGA. \u00a0 Esta nueva estructura tiene como objetivo potenciar la colaboraci\u00f3n entre ambas empresas, promoviendo sinergias y oportunidades comerciales que nos permitan ofrecer a nuestros clientes [&hellip;]<\/p>\n","protected":false},"author":3,"featured_media":5430,"comment_status":"open","ping_status":"open","sticky":false,"template":"","format":"standard","meta":{"footnotes":""},"categories":[19],"tags":[688,22,778,79],"class_list":["post-5427","post","type-post","status-publish","format-standard","has-post-thumbnail","hentry","category-grupo-o2","tag-area-comercial","tag-grupo-o2","tag-orbe-ambiental","tag-prosiga"],"_links":{"self":[{"href":"https:\/\/www.grupo-o2.cl\/blog\/wp-json\/wp\/v2\/posts\/5427","targetHints":{"allow":["GET"]}}],"collection":[{"href":"https:\/\/www.grupo-o2.cl\/blog\/wp-json\/wp\/v2\/posts"}],"about":[{"href":"https:\/\/www.grupo-o2.cl\/blog\/wp-json\/wp\/v2\/types\/post"}],"author":[{"embeddable":true,"href":"https:\/\/www.grupo-o2.cl\/blog\/wp-json\/wp\/v2\/users\/3"}],"replies":[{"embeddable":true,"href":"https:\/\/www.grupo-o2.cl\/blog\/wp-json\/wp\/v2\/comments?post=5427"}],"version-history":[{"count":8,"href":"https:\/\/www.grupo-o2.cl\/blog\/wp-json\/wp\/v2\/posts\/5427\/revisions"}],"predecessor-version":[{"id":5439,"href":"https:\/\/www.grupo-o2.cl\/blog\/wp-json\/wp\/v2\/posts\/5427\/revisions\/5439"}],"wp:featuredmedia":[{"embeddable":true,"href":"https:\/\/www.grupo-o2.cl\/blog\/wp-json\/wp\/v2\/media\/5430"}],"wp:attachment":[{"href":"https:\/\/www.grupo-o2.cl\/blog\/wp-json\/wp\/v2\/media?parent=5427"}],"wp:term":[{"taxonomy":"category","embeddable":true,"href":"https:\/\/www.grupo-o2.cl\/blog\/wp-json\/wp\/v2\/categories?post=5427"},{"taxonomy":"post_tag","embeddable":true,"href":"https:\/\/www.grupo-o2.cl\/blog\/wp-json\/wp\/v2\/tags?post=5427"}],"curies":[{"name":"wp","href":"https:\/\/api.w.org\/{rel}","templated":true}]}}