{"id":5398,"date":"2026-08-28T14:22:14","date_gmt":"2026-08-28T17:22:14","guid":{"rendered":"https:\/\/www.grupo-o2.cl\/blog\/?p=5398"},"modified":"2026-08-28T14:31:45","modified_gmt":"2026-08-28T17:31:45","slug":"area-legal-inicia-actualizacion-y-fortalecimiento-del-modelo-de-prevencion-de-delitos","status":"publish","type":"post","link":"https:\/\/www.grupo-o2.cl\/blog\/area-legal-inicia-actualizacion-y-fortalecimiento-del-modelo-de-prevencion-de-delitos\/","title":{"rendered":"\u00c1rea legal inicia actualizaci\u00f3n y fortalecimiento del modelo de prevenci\u00f3n de delitos\u00a0"},"content":{"rendered":"\t\t<div data-elementor-type=\"wp-post\" data-elementor-id=\"5398\" class=\"elementor elementor-5398\">\n\t\t\t\t\t\t\t<div class=\"elementor-element elementor-element-7a7c13d8 e-flex e-con-boxed e-con e-parent\" data-id=\"7a7c13d8\" data-element_type=\"container\" data-settings=\"{&quot;content_width&quot;:&quot;boxed&quot;}\" data-core-v316-plus=\"true\">\n\t\t\t\t\t<div class=\"e-con-inner\">\n\t\t\t\t<div class=\"elementor-element elementor-element-37d5eaf2 elementor-widget elementor-widget-text-editor\" data-id=\"37d5eaf2\" data-element_type=\"widget\" data-widget_type=\"text-editor.default\">\n\t\t\t\t<div class=\"elementor-widget-container\">\n\t\t\t<style>\/*! elementor - v3.18.0 - 20-12-2023 *\/\n.elementor-widget-text-editor.elementor-drop-cap-view-stacked .elementor-drop-cap{background-color:#69727d;color:#fff}.elementor-widget-text-editor.elementor-drop-cap-view-framed .elementor-drop-cap{color:#69727d;border:3px solid;background-color:transparent}.elementor-widget-text-editor:not(.elementor-drop-cap-view-default) .elementor-drop-cap{margin-top:8px}.elementor-widget-text-editor:not(.elementor-drop-cap-view-default) .elementor-drop-cap-letter{width:1em;height:1em}.elementor-widget-text-editor .elementor-drop-cap{float:left;text-align:center;line-height:1;font-size:50px}.elementor-widget-text-editor .elementor-drop-cap-letter{display:inline-block}<\/style>\t\t\t\t<!-- wp:paragraph -->\n<blockquote>\n<p>Escrito por: Claudia Aravena Mu\u00f1oz<\/p>\n<\/blockquote>\n<p>\u00a0<\/p>\n<!-- \/wp:paragraph --><!-- wp:paragraph -->\n<p>Estimados Colaboradores,<\/p>\n<p>\u00a0<\/p>\n<!-- \/wp:paragraph --><!-- wp:paragraph -->\n<p>La presente semana, el\u00a0<strong>\u00c1rea Legal de Grupo-O2<\/strong>,\u00a0liderada por<strong>Gloria Villarroel, Gerente del \u00c1rea Legal,<\/strong>\u00a0realiz\u00f3 el primer\u00a0<strong>Focus Group sobre Prevenci\u00f3n de Delitos,<\/strong>\u00a0dirigido a los colaboradores que participan en procesos de licitaci\u00f3n. Esta actividad forma parte del proceso de actualizaci\u00f3n y fortalecimiento del\u00a0<strong>Modelo de Prevenci\u00f3n de Delitos (MPD),<\/strong>\u00a0que se est\u00e1 desarrollando junto al grupo de asesores externos\u00a0<strong>ProyectaE.<\/strong><\/p>\n<p>\u00a0<\/p>\n<!-- \/wp:paragraph --><!-- wp:paragraph -->\n<p>Durante la jornada, guiada por la abogada Pilar Carrasco y Pablo Carrasco, ingeniero, se revisaron los principales\u00a0<strong>riesgos asociados a los procesos de licitaci\u00f3n,<\/strong>\u00a0entre ellos la\u00a0<strong>falsificaci\u00f3n de documentos, el ejercicio ilegal de la profesi\u00f3n, la colusi\u00f3n, el soborno, la corrupci\u00f3n entre particulares y la revelaci\u00f3n de secretos comerciales.<\/strong>\u00a0Adem\u00e1s, se presentaron diferentes escenarios hipot\u00e9ticos para conversar sobre c\u00f3mo prevenir estas situaciones y proteger tanto a la organizaci\u00f3n como a sus colaboradores.<\/p>\n<p>\u00a0<\/p>\n<!-- \/wp:paragraph --><!-- wp:image {\"id\":5400,\"width\":\"580px\",\"height\":\"auto\",\"aspectRatio\":\"1.9205298013245033\",\"sizeSlug\":\"full\",\"linkDestination\":\"none\",\"align\":\"center\"} -->\n<figure class=\"wp-block-image aligncenter size-full is-resized\"><\/figure>\n<!-- \/wp:image --><!-- wp:paragraph -->\n<p><img fetchpriority=\"high\" decoding=\"async\" class=\"aligncenter wp-image-5407 size-large\" src=\"https:\/\/www.grupo-o2.cl\/blog\/wp-content\/uploads\/2026\/08\/6-1024x768.png\" alt=\"\u00c1rea legal inicia actualizaci\u00f3n y fortalecimiento del modelo de prevenci\u00f3n de delitos \n\" width=\"1024\" height=\"768\" srcset=\"https:\/\/www.grupo-o2.cl\/blog\/wp-content\/uploads\/2026\/08\/6-1024x768.png 1024w, https:\/\/www.grupo-o2.cl\/blog\/wp-content\/uploads\/2026\/08\/6-300x225.png 300w, https:\/\/www.grupo-o2.cl\/blog\/wp-content\/uploads\/2026\/08\/6-768x576.png 768w, https:\/\/www.grupo-o2.cl\/blog\/wp-content\/uploads\/2026\/08\/6-675x506.png 675w, https:\/\/www.grupo-o2.cl\/blog\/wp-content\/uploads\/2026\/08\/6.png 1280w\" sizes=\"(max-width: 1024px) 100vw, 1024px\" \/><\/p>\n<p>Este trabajo se desarrolla en el marco de la\u00a0<strong>Ley N\u00b020.393<\/strong>\u00a0<strong>sobre responsabilidad penal de las personas jur\u00eddicas<\/strong>\u00a0y las modificaciones incorporadas por la Ley\u00a0<strong>N\u00b021.595 sobre Delitos Econ\u00f3micos y Ambientales.<\/strong>\u00a0Ambas refuerzan la importancia de contar con herramientas que permitan identificar y abordar oportunamente los riesgos asociados a las actividades de la organizaci\u00f3n.<\/p>\n<p>\u00a0<\/p>\n<!-- \/wp:paragraph --><!-- wp:paragraph -->\n<p>Como parte de este proceso, el nuevo\u00a0<strong>Manual de Prevenci\u00f3n del Delito,<\/strong>\u00a0actualmente en su etapa final de actualizaci\u00f3n, ser\u00e1 enviado a todos los colaboradores una vez que est\u00e9 finalizado.<strong>\u00a0Gloria Villarroel, Gerente del \u00c1rea Legal y Cumplimiento,<\/strong>\u00a0fue designada como\u00a0<strong>Encargada de Prevenci\u00f3n del Delito,<\/strong>\u00a0y ser\u00e1 el principal punto de contacto para consultas relacionadas con el MPD.<\/p>\n<p>\u00a0<\/p>\n<!-- \/wp:paragraph --><!-- wp:quote -->\n<blockquote class=\"wp-block-quote\"><!-- wp:paragraph -->\n<p><em>\u201cAsumo este rol con el compromiso de acompa\u00f1ar a los equipos y entregar orientaci\u00f3n frente a cualquier situaci\u00f3n que pueda generar dudas o presentar alg\u00fan riesgo para la organizaci\u00f3n. La idea es que podamos abordarlas de manera oportuna, antes de que se transformen en un problema. Para eso, podr\u00e1n recurrir a m\u00ed para resolver consultas, revisar operaciones, evaluar posibles riesgos con terceros o reportar confidencialmente cualquier posible incumplimiento\u201d, explica Gloria Villarroel.<\/em><\/p>\n<p>\u00a0<\/p>\n<!-- \/wp:paragraph --><\/blockquote>\n<!-- \/wp:quote --><!-- wp:paragraph -->\n<p>Asimismo, contamos con un\u00a0<strong>Canal de Denuncias<\/strong>\u00a0para reportar situaciones que puedan representar un riesgo para Grupo-O2. Los reportes pueden realizarse de manera an\u00f3nima o identificada, en el siguiente\u00a0<a href=\"https:\/\/forms.office.com\/r\/ejL5RNJr7M\" target=\"_blank\" rel=\"noopener\"><strong>link<\/strong><\/a>\u00a0o escaneando el siguiente c\u00f3digo QR:<\/p>\n<p>\u00a0<\/p>\n<!-- \/wp:paragraph --><!-- wp:image {\"id\":5399,\"width\":\"109px\",\"height\":\"auto\",\"aspectRatio\":\"1\",\"sizeSlug\":\"full\",\"linkDestination\":\"none\"} -->\n<figure class=\"wp-block-image size-full is-resized\"><img decoding=\"async\" class=\"aligncenter wp-image-5399 size-full\" style=\"aspect-ratio: 1; width: 109px; height: auto;\" src=\"https:\/\/www.grupo-o2.cl\/blog\/wp-content\/uploads\/2026\/08\/image.png\" alt=\"\" width=\"641\" height=\"641\" srcset=\"https:\/\/www.grupo-o2.cl\/blog\/wp-content\/uploads\/2026\/08\/image.png 641w, https:\/\/www.grupo-o2.cl\/blog\/wp-content\/uploads\/2026\/08\/image-300x300-1.png 300w, https:\/\/www.grupo-o2.cl\/blog\/wp-content\/uploads\/2026\/08\/image-150x150.png 150w\" sizes=\"(max-width: 641px) 100vw, 641px\" \/><\/figure>\n<p>\u00a0<\/p>\n<!-- \/wp:image --><!-- wp:paragraph -->\n<p>Este primer Focus Group marca el inicio de una serie de capacitaciones que abordar\u00e1n los riesgos asociados a distintas \u00e1reas y procesos de\u00a0<strong>Grupo-O2.<\/strong>\u00a0El objetivo es seguir fortaleciendo, entre todos, una\u00a0<strong>cultura de prevenci\u00f3n, responsabilidad y cuidado de nuestra organizaci\u00f3n.\u00a0<\/strong><\/p>\n<!-- \/wp:paragraph -->\t\t\t\t\t\t<\/div>\n\t\t\t\t<\/div>\n\t\t\t\t\t<\/div>\n\t\t\t\t<\/div>\n\t\t<div class=\"elementor-element elementor-element-d31fa54 e-flex e-con-boxed e-con e-parent\" data-id=\"d31fa54\" data-element_type=\"container\" data-settings=\"{&quot;content_width&quot;:&quot;boxed&quot;}\" data-core-v316-plus=\"true\">\n\t\t\t\t\t<div class=\"e-con-inner\">\n\t\t\t\t<div class=\"elementor-element elementor-element-e28126a elementor-arrows-position-inside elementor-pagination-position-outside elementor-widget elementor-widget-image-carousel\" data-id=\"e28126a\" data-element_type=\"widget\" data-settings=\"{&quot;slides_to_show&quot;:&quot;2&quot;,&quot;navigation&quot;:&quot;both&quot;,&quot;autoplay&quot;:&quot;yes&quot;,&quot;pause_on_hover&quot;:&quot;yes&quot;,&quot;pause_on_interaction&quot;:&quot;yes&quot;,&quot;autoplay_speed&quot;:5000,&quot;infinite&quot;:&quot;yes&quot;,&quot;speed&quot;:500}\" data-widget_type=\"image-carousel.default\">\n\t\t\t\t<div class=\"elementor-widget-container\">\n\t\t\t<style>\/*! elementor - v3.18.0 - 20-12-2023 *\/\n.elementor-widget-image-carousel .swiper,.elementor-widget-image-carousel .swiper-container{position:static}.elementor-widget-image-carousel .swiper-container .swiper-slide figure,.elementor-widget-image-carousel .swiper .swiper-slide figure{line-height:inherit}.elementor-widget-image-carousel .swiper-slide{text-align:center}.elementor-image-carousel-wrapper:not(.swiper-container-initialized):not(.swiper-initialized) .swiper-slide{max-width:calc(100% \/ var(--e-image-carousel-slides-to-show, 3))}<\/style>\t\t<div class=\"elementor-image-carousel-wrapper swiper\" dir=\"ltr\">\n\t\t\t<div class=\"elementor-image-carousel swiper-wrapper\" aria-live=\"off\">\n\t\t\t\t\t\t\t\t<div class=\"swiper-slide\" role=\"group\" aria-roledescription=\"slide\" aria-label=\"1 de 5\"><figure class=\"swiper-slide-inner\"><img decoding=\"async\" class=\"swiper-slide-image\" src=\"https:\/\/www.grupo-o2.cl\/blog\/wp-content\/uploads\/2026\/08\/3-1024x768.png\" alt=\"3\" \/><\/figure><\/div><div class=\"swiper-slide\" role=\"group\" aria-roledescription=\"slide\" aria-label=\"2 de 5\"><figure class=\"swiper-slide-inner\"><img decoding=\"async\" class=\"swiper-slide-image\" src=\"https:\/\/www.grupo-o2.cl\/blog\/wp-content\/uploads\/2026\/08\/4-1-1024x768.png\" alt=\"4\" \/><\/figure><\/div><div class=\"swiper-slide\" role=\"group\" aria-roledescription=\"slide\" aria-label=\"3 de 5\"><figure class=\"swiper-slide-inner\"><img decoding=\"async\" class=\"swiper-slide-image\" src=\"https:\/\/www.grupo-o2.cl\/blog\/wp-content\/uploads\/2026\/08\/6-1-1024x768.png\" alt=\"6\" \/><\/figure><\/div><div class=\"swiper-slide\" role=\"group\" aria-roledescription=\"slide\" aria-label=\"4 de 5\"><figure class=\"swiper-slide-inner\"><img decoding=\"async\" class=\"swiper-slide-image\" src=\"https:\/\/www.grupo-o2.cl\/blog\/wp-content\/uploads\/2026\/08\/2-1024x768.png\" alt=\"2\" \/><\/figure><\/div><div class=\"swiper-slide\" role=\"group\" aria-roledescription=\"slide\" aria-label=\"5 de 5\"><figure class=\"swiper-slide-inner\"><img decoding=\"async\" class=\"swiper-slide-image\" src=\"https:\/\/www.grupo-o2.cl\/blog\/wp-content\/uploads\/2026\/08\/WhatsApp-Image-2026-08-27-at-1.38.57-PM-1024x768.jpeg\" alt=\"WhatsApp Image 2026-08-27 at 1.38.57 PM\" \/><\/figure><\/div>\t\t\t<\/div>\n\t\t\t\t\t\t\t\t\t\t\t\t<div class=\"elementor-swiper-button elementor-swiper-button-prev\" role=\"button\" tabindex=\"0\">\n\t\t\t\t\t\t<svg aria-hidden=\"true\" class=\"e-font-icon-svg e-eicon-chevron-left\" viewBox=\"0 0 1000 1000\" xmlns=\"http:\/\/www.w3.org\/2000\/svg\"><path d=\"M646 125C629 125 613 133 604 142L308 442C296 454 292 471 292 487 292 504 296 521 308 533L604 854C617 867 629 875 646 875 663 875 679 871 692 858 704 846 713 829 713 812 713 796 708 779 692 767L438 487 692 225C700 217 708 204 708 187 708 171 704 154 692 142 675 129 663 125 646 125Z\"><\/path><\/svg>\t\t\t\t\t<\/div>\n\t\t\t\t\t<div class=\"elementor-swiper-button elementor-swiper-button-next\" role=\"button\" tabindex=\"0\">\n\t\t\t\t\t\t<svg aria-hidden=\"true\" class=\"e-font-icon-svg e-eicon-chevron-right\" viewBox=\"0 0 1000 1000\" xmlns=\"http:\/\/www.w3.org\/2000\/svg\"><path d=\"M696 533C708 521 713 504 713 487 713 471 708 454 696 446L400 146C388 133 375 125 354 125 338 125 325 129 313 142 300 154 292 171 292 187 292 204 296 221 308 233L563 492 304 771C292 783 288 800 288 817 288 833 296 850 308 863 321 871 338 875 354 875 371 875 388 867 400 854L696 533Z\"><\/path><\/svg>\t\t\t\t\t<\/div>\n\t\t\t\t\n\t\t\t\t\t\t\t\t\t<div class=\"swiper-pagination\"><\/div>\n\t\t\t\t\t\t\t\t\t<\/div>\n\t\t\t\t<\/div>\n\t\t\t\t<\/div>\n\t\t\t\t\t<\/div>\n\t\t\t\t<\/div>\n\t\t\t\t\t\t\t<\/div>\n\t\t","protected":false},"excerpt":{"rendered":"<p>Escrito por: Claudia Aravena Mu\u00f1oz \u00a0 Estimados Colaboradores, \u00a0 La presente semana, el\u00a0\u00c1rea Legal de Grupo-O2,\u00a0liderada porGloria Villarroel, Gerente del \u00c1rea Legal,\u00a0realiz\u00f3 el primer\u00a0Focus Group sobre Prevenci\u00f3n de Delitos,\u00a0dirigido a los colaboradores que participan en procesos de licitaci\u00f3n. Esta actividad forma parte del proceso de actualizaci\u00f3n y fortalecimiento del\u00a0Modelo de Prevenci\u00f3n de Delitos (MPD),\u00a0que se [&hellip;]<\/p>\n","protected":false},"author":3,"featured_media":5402,"comment_status":"open","ping_status":"open","sticky":false,"template":"","format":"standard","meta":{"footnotes":""},"categories":[19],"tags":[1180,1364,22,1365],"class_list":["post-5398","post","type-post","status-publish","format-standard","has-post-thumbnail","hentry","category-grupo-o2","tag-area-legal","tag-delitos","tag-grupo-o2","tag-informacion"],"_links":{"self":[{"href":"https:\/\/www.grupo-o2.cl\/blog\/wp-json\/wp\/v2\/posts\/5398","targetHints":{"allow":["GET"]}}],"collection":[{"href":"https:\/\/www.grupo-o2.cl\/blog\/wp-json\/wp\/v2\/posts"}],"about":[{"href":"https:\/\/www.grupo-o2.cl\/blog\/wp-json\/wp\/v2\/types\/post"}],"author":[{"embeddable":true,"href":"https:\/\/www.grupo-o2.cl\/blog\/wp-json\/wp\/v2\/users\/3"}],"replies":[{"embeddable":true,"href":"https:\/\/www.grupo-o2.cl\/blog\/wp-json\/wp\/v2\/comments?post=5398"}],"version-history":[{"count":17,"href":"https:\/\/www.grupo-o2.cl\/blog\/wp-json\/wp\/v2\/posts\/5398\/revisions"}],"predecessor-version":[{"id":5426,"href":"https:\/\/www.grupo-o2.cl\/blog\/wp-json\/wp\/v2\/posts\/5398\/revisions\/5426"}],"wp:featuredmedia":[{"embeddable":true,"href":"https:\/\/www.grupo-o2.cl\/blog\/wp-json\/wp\/v2\/media\/5402"}],"wp:attachment":[{"href":"https:\/\/www.grupo-o2.cl\/blog\/wp-json\/wp\/v2\/media?parent=5398"}],"wp:term":[{"taxonomy":"category","embeddable":true,"href":"https:\/\/www.grupo-o2.cl\/blog\/wp-json\/wp\/v2\/categories?post=5398"},{"taxonomy":"post_tag","embeddable":true,"href":"https:\/\/www.grupo-o2.cl\/blog\/wp-json\/wp\/v2\/tags?post=5398"}],"curies":[{"name":"wp","href":"https:\/\/api.w.org\/{rel}","templated":true}]}}