{"id":4049,"date":"2025-12-10T10:03:21","date_gmt":"2025-12-10T13:03:21","guid":{"rendered":"https:\/\/www.grupo-o2.cl\/blog\/?p=4049"},"modified":"2025-12-10T10:05:00","modified_gmt":"2025-12-10T13:05:00","slug":"grupo-o2-realiza-charla-con-la-achs-sobre-el-impacto-del-alcohol-y-las-drogas-en-la-seguridad-laboral","status":"publish","type":"post","link":"https:\/\/www.grupo-o2.cl\/blog\/grupo-o2-realiza-charla-con-la-achs-sobre-el-impacto-del-alcohol-y-las-drogas-en-la-seguridad-laboral\/","title":{"rendered":"Grupo O2 Realiza Charla con la ACHS sobre el Impacto del Alcohol y las Drogas en la Seguridad Laboral"},"content":{"rendered":"\t\t<div data-elementor-type=\"wp-post\" data-elementor-id=\"4049\" class=\"elementor elementor-4049\">\n\t\t\t\t\t\t\t<div class=\"elementor-element elementor-element-203b5ff e-flex e-con-boxed e-con e-parent\" data-id=\"203b5ff\" data-element_type=\"container\" data-settings=\"{&quot;content_width&quot;:&quot;boxed&quot;}\" data-core-v316-plus=\"true\">\n\t\t\t\t\t<div class=\"e-con-inner\">\n\t\t\t\t<div class=\"elementor-element elementor-element-7308ba56 elementor-widget elementor-widget-text-editor\" data-id=\"7308ba56\" data-element_type=\"widget\" data-widget_type=\"text-editor.default\">\n\t\t\t\t<div class=\"elementor-widget-container\">\n\t\t\t<style>\/*! elementor - v3.18.0 - 20-12-2023 *\/\n.elementor-widget-text-editor.elementor-drop-cap-view-stacked .elementor-drop-cap{background-color:#69727d;color:#fff}.elementor-widget-text-editor.elementor-drop-cap-view-framed .elementor-drop-cap{color:#69727d;border:3px solid;background-color:transparent}.elementor-widget-text-editor:not(.elementor-drop-cap-view-default) .elementor-drop-cap{margin-top:8px}.elementor-widget-text-editor:not(.elementor-drop-cap-view-default) .elementor-drop-cap-letter{width:1em;height:1em}.elementor-widget-text-editor .elementor-drop-cap{float:left;text-align:center;line-height:1;font-size:50px}.elementor-widget-text-editor .elementor-drop-cap-letter{display:inline-block}<\/style>\t\t\t\t<!-- wp:paragraph -->\n<p>Como parte de nuestro compromiso continuo con la salud, el bienestar y la seguridad de nuestros colaboradores, Grupo O2 llev\u00f3 a cabo con gran \u00e9xito la charla online <strong>\u201cAlcohol y drogas: C\u00f3mo afectan mi cuerpo\u201d<\/strong>, dictada por la Asociaci\u00f3n Chilena de Seguridad (ACHS) y a cargo de la experta <strong>Larissa Toledo<\/strong>.<\/p>\n<p>\u00a0<\/p>\n<p><img fetchpriority=\"high\" decoding=\"async\" class=\"aligncenter wp-image-4052 size-large\" src=\"https:\/\/www.grupo-o2.cl\/blog\/wp-content\/uploads\/2025\/12\/CHARLA-2-1024x550.png\" alt=\"\" width=\"1024\" height=\"550\" srcset=\"https:\/\/www.grupo-o2.cl\/blog\/wp-content\/uploads\/2025\/12\/CHARLA-2-1024x550.png 1024w, https:\/\/www.grupo-o2.cl\/blog\/wp-content\/uploads\/2025\/12\/CHARLA-2-300x161.png 300w, https:\/\/www.grupo-o2.cl\/blog\/wp-content\/uploads\/2025\/12\/CHARLA-2-768x413.png 768w, https:\/\/www.grupo-o2.cl\/blog\/wp-content\/uploads\/2025\/12\/CHARLA-2-1536x825.png 1536w, https:\/\/www.grupo-o2.cl\/blog\/wp-content\/uploads\/2025\/12\/CHARLA-2-675x363.png 675w, https:\/\/www.grupo-o2.cl\/blog\/wp-content\/uploads\/2025\/12\/CHARLA-2-1400x752.png 1400w, https:\/\/www.grupo-o2.cl\/blog\/wp-content\/uploads\/2025\/12\/CHARLA-2.png 1915w\" sizes=\"(max-width: 1024px) 100vw, 1024px\" \/><\/p>\n<!-- \/wp:paragraph --><!-- wp:paragraph -->\n<p>La sesi\u00f3n realizada el <strong>lunes 9 de diciembre de 2025<\/strong>, en el marco de nuestra campa\u00f1a &#8220;<strong>COMPROMISO-O2: TRABAJO SEGURO Cero Riesgo, Cero Alcohol y Drogas<\/strong>&#8220;. La instancia reuni\u00f3 a decenas de colaboradores interesados en profundizar en un tema de vital importancia para la vida personal y profesional.<\/p>\n<p>\u00a0<\/p>\n<!-- \/wp:paragraph --><!-- wp:heading {\"level\":3} -->\n<h3 class=\"wp-block-heading\"><strong>\u00bfDe qu\u00e9 se trat\u00f3 la charla?<\/strong><\/h3>\n<p>\u00a0<\/p>\n<!-- \/wp:heading --><!-- wp:paragraph -->\n<p>Larissa Toledo, con su vasta experiencia en prevenci\u00f3n y salud ocupacional, abord\u00f3 de manera clara y directa los efectos del consumo de alcohol y otras sustancias en el organismo humano. La presentaci\u00f3n, respaldada por datos nacionales e internacionales, permiti\u00f3 a los asistentes comprender:<\/p>\n<p>\u00a0<\/p>\n<!-- \/wp:paragraph --><!-- wp:list -->\n<ul class=\"wp-block-list\"><!-- wp:list-item -->\n<li><strong>Los riesgos f\u00edsicos, psicol\u00f3gicos y sociales<\/strong> derivados del consumo, tanto a corto como a largo plazo.<\/li>\n<!-- \/wp:list-item --><!-- wp:list-item -->\n<li>La definici\u00f3n y diferenciaci\u00f3n entre <strong>abuso, dependencia y tolerancia<\/strong>, conceptos clave para reconocer se\u00f1ales de alerta.<\/li>\n<!-- \/wp:list-item --><!-- wp:list-item -->\n<li>El impacto directo del consumo problem\u00e1tico en la <strong>seguridad laboral<\/strong>, aumentando el riesgo de accidentes, errores humanos y ausentismo.<\/li>\n<!-- \/wp:list-item --><!-- wp:list-item -->\n<li>La importancia cr\u00edtica de la <strong>detecci\u00f3n temprana<\/strong> y la <strong>autoconsciencia<\/strong> como herramientas fundamentales para la prevenci\u00f3n y el apoyo.<\/li>\n<!-- \/wp:list-item --><\/ul>\n<!-- \/wp:list --><!-- wp:heading {\"level\":3} -->\n<h3 class=\"wp-block-heading\"><strong>Datos que impactan<\/strong><\/h3>\n<p>\u00a0<\/p>\n<!-- \/wp:heading --><!-- wp:paragraph -->\n<p>Entre los datos compartidos que generaron mayor reflexi\u00f3n, destacamos:<\/p>\n<p>\u00a0<\/p>\n<!-- \/wp:paragraph --><!-- wp:list -->\n<ul class=\"wp-block-list\"><!-- wp:list-item -->\n<li><strong>El 28,4% de los trabajadores<\/strong> en Chile presenta un consumo problem\u00e1tico de drogas y alcohol.<\/li>\n<!-- \/wp:list-item --><!-- wp:list-item -->\n<li>En la poblaci\u00f3n general mayor de 12 a\u00f1os, <strong>el 5% declara haber consumido drogas il\u00edcitas<\/strong> en el \u00faltimo a\u00f1o.<\/li>\n<!-- \/wp:list-item --><!-- wp:list-item -->\n<li>Se observ\u00f3 una disminuci\u00f3n significativa en la poblaci\u00f3n fumadora, pasando del <strong>43,6% en 2002 al 17,3% en 2022<\/strong>, lo que evidencia la necesidad de continuar con campa\u00f1as de sensibilizaci\u00f3n.<\/li>\n<!-- \/wp:list-item --><\/ul>\n<!-- \/wp:list --><!-- wp:paragraph -->\n<p>Estos n\u00fameros no son solo estad\u00edsticas; son una llamada a la acci\u00f3n para crear entornos laborales m\u00e1s seguros y conscientes.<\/p>\n<p><img decoding=\"async\" class=\"aligncenter wp-image-4055 size-large\" src=\"https:\/\/www.grupo-o2.cl\/blog\/wp-content\/uploads\/2025\/12\/CHARLA-3-1024x552.png\" alt=\"\" width=\"1024\" height=\"552\" srcset=\"https:\/\/www.grupo-o2.cl\/blog\/wp-content\/uploads\/2025\/12\/CHARLA-3-1024x552.png 1024w, https:\/\/www.grupo-o2.cl\/blog\/wp-content\/uploads\/2025\/12\/CHARLA-3-300x162.png 300w, https:\/\/www.grupo-o2.cl\/blog\/wp-content\/uploads\/2025\/12\/CHARLA-3-768x414.png 768w, https:\/\/www.grupo-o2.cl\/blog\/wp-content\/uploads\/2025\/12\/CHARLA-3-1536x829.png 1536w, https:\/\/www.grupo-o2.cl\/blog\/wp-content\/uploads\/2025\/12\/CHARLA-3-675x364.png 675w, https:\/\/www.grupo-o2.cl\/blog\/wp-content\/uploads\/2025\/12\/CHARLA-3-1400x755.png 1400w, https:\/\/www.grupo-o2.cl\/blog\/wp-content\/uploads\/2025\/12\/CHARLA-3.png 1909w\" sizes=\"(max-width: 1024px) 100vw, 1024px\" \/><\/p>\n<!-- \/wp:paragraph --><!-- wp:heading {\"level\":3} -->\n<h3 class=\"wp-block-heading\"><strong>Un paso m\u00e1s en nuestro camino hacia la salud integral<\/strong><\/h3>\n<!-- \/wp:heading --><!-- wp:paragraph -->\n<p>En Grupo O2 entendemos que la seguridad y la salud de nuestros colaboradores van m\u00e1s all\u00e1 de los protocolos f\u00edsicos. Implica tambi\u00e9n cuidar la salud mental y emocional, y promover un ambiente de trabajo donde se fomente la autoconocimiento y el apoyo mutuo.<\/p>\n<p>\u00a0<\/p>\n<!-- \/wp:paragraph --><!-- wp:paragraph -->\n<p>Esta charla es parte de un plan m\u00e1s amplio de capacitaciones y actividades que buscan fortalecer nuestra cultura de prevenci\u00f3n y bienestar. Agradecemos a la ACHS y especialmente a Larissa Toledo por su valiosa contribuci\u00f3n y por compartir conocimientos que nos permiten tomar decisiones informadas y responsables.<\/p>\n<p>\u00a0<\/p>\n<p><img decoding=\"async\" class=\"aligncenter wp-image-4056 size-large\" src=\"https:\/\/www.grupo-o2.cl\/blog\/wp-content\/uploads\/2025\/12\/CHARLA-1024x550.png\" alt=\"\" width=\"1024\" height=\"550\" srcset=\"https:\/\/www.grupo-o2.cl\/blog\/wp-content\/uploads\/2025\/12\/CHARLA-1024x550.png 1024w, https:\/\/www.grupo-o2.cl\/blog\/wp-content\/uploads\/2025\/12\/CHARLA-300x161.png 300w, https:\/\/www.grupo-o2.cl\/blog\/wp-content\/uploads\/2025\/12\/CHARLA-768x413.png 768w, https:\/\/www.grupo-o2.cl\/blog\/wp-content\/uploads\/2025\/12\/CHARLA-1536x826.png 1536w, https:\/\/www.grupo-o2.cl\/blog\/wp-content\/uploads\/2025\/12\/CHARLA-675x363.png 675w, https:\/\/www.grupo-o2.cl\/blog\/wp-content\/uploads\/2025\/12\/CHARLA-1400x753.png 1400w, https:\/\/www.grupo-o2.cl\/blog\/wp-content\/uploads\/2025\/12\/CHARLA.png 1916w\" sizes=\"(max-width: 1024px) 100vw, 1024px\" \/><\/p>\n<!-- \/wp:paragraph -->\t\t\t\t\t\t<\/div>\n\t\t\t\t<\/div>\n\t\t\t\t\t<\/div>\n\t\t\t\t<\/div>\n\t\t\t\t\t\t\t<\/div>\n\t\t","protected":false},"excerpt":{"rendered":"<p>Como parte de nuestro compromiso continuo con la salud, el bienestar y la seguridad de nuestros colaboradores, Grupo O2 llev\u00f3 a cabo con gran \u00e9xito la charla online \u201cAlcohol y drogas: C\u00f3mo afectan mi cuerpo\u201d, dictada por la Asociaci\u00f3n Chilena de Seguridad (ACHS) y a cargo de la experta Larissa Toledo. \u00a0 La sesi\u00f3n realizada [&hellip;]<\/p>\n","protected":false},"author":3,"featured_media":4052,"comment_status":"open","ping_status":"open","sticky":false,"template":"","format":"standard","meta":{"footnotes":""},"categories":[19],"tags":[461,685,684,536],"class_list":["post-4049","post","type-post","status-publish","format-standard","has-post-thumbnail","hentry","category-grupo-o2","tag-achs","tag-alcohol","tag-compromiso-o2","tag-prevencion-2"],"_links":{"self":[{"href":"https:\/\/www.grupo-o2.cl\/blog\/wp-json\/wp\/v2\/posts\/4049","targetHints":{"allow":["GET"]}}],"collection":[{"href":"https:\/\/www.grupo-o2.cl\/blog\/wp-json\/wp\/v2\/posts"}],"about":[{"href":"https:\/\/www.grupo-o2.cl\/blog\/wp-json\/wp\/v2\/types\/post"}],"author":[{"embeddable":true,"href":"https:\/\/www.grupo-o2.cl\/blog\/wp-json\/wp\/v2\/users\/3"}],"replies":[{"embeddable":true,"href":"https:\/\/www.grupo-o2.cl\/blog\/wp-json\/wp\/v2\/comments?post=4049"}],"version-history":[{"count":7,"href":"https:\/\/www.grupo-o2.cl\/blog\/wp-json\/wp\/v2\/posts\/4049\/revisions"}],"predecessor-version":[{"id":4059,"href":"https:\/\/www.grupo-o2.cl\/blog\/wp-json\/wp\/v2\/posts\/4049\/revisions\/4059"}],"wp:featuredmedia":[{"embeddable":true,"href":"https:\/\/www.grupo-o2.cl\/blog\/wp-json\/wp\/v2\/media\/4052"}],"wp:attachment":[{"href":"https:\/\/www.grupo-o2.cl\/blog\/wp-json\/wp\/v2\/media?parent=4049"}],"wp:term":[{"taxonomy":"category","embeddable":true,"href":"https:\/\/www.grupo-o2.cl\/blog\/wp-json\/wp\/v2\/categories?post=4049"},{"taxonomy":"post_tag","embeddable":true,"href":"https:\/\/www.grupo-o2.cl\/blog\/wp-json\/wp\/v2\/tags?post=4049"}],"curies":[{"name":"wp","href":"https:\/\/api.w.org\/{rel}","templated":true}]}}