{"id":3885,"date":"2025-11-26T09:25:31","date_gmt":"2025-11-26T12:25:31","guid":{"rendered":"https:\/\/www.grupo-o2.cl\/blog\/?p=3885"},"modified":"2025-11-26T09:26:16","modified_gmt":"2025-11-26T12:26:16","slug":"orbe-capacita-a-comunidades-y-municipios-para-el-seguimiento-y-cuidado-de-bosques-de-bolsillo-en-cinco-comunas-de-santiago","status":"publish","type":"post","link":"https:\/\/www.grupo-o2.cl\/blog\/orbe-capacita-a-comunidades-y-municipios-para-el-seguimiento-y-cuidado-de-bosques-de-bolsillo-en-cinco-comunas-de-santiago\/","title":{"rendered":"ORBE Capacita a Comunidades y Municipios para el Seguimiento y Cuidado de Bosques de Bolsillo en Cinco Comunas de Santiago"},"content":{"rendered":"\t\t<div data-elementor-type=\"wp-post\" data-elementor-id=\"3885\" class=\"elementor elementor-3885\">\n\t\t\t\t\t\t\t<div class=\"elementor-element elementor-element-b6b4ff4 e-flex e-con-boxed e-con e-parent\" data-id=\"b6b4ff4\" data-element_type=\"container\" data-settings=\"{&quot;content_width&quot;:&quot;boxed&quot;}\" data-core-v316-plus=\"true\">\n\t\t\t\t\t<div class=\"e-con-inner\">\n\t\t\t\t<div class=\"elementor-element elementor-element-7a010b15 elementor-widget elementor-widget-text-editor\" data-id=\"7a010b15\" data-element_type=\"widget\" data-widget_type=\"text-editor.default\">\n\t\t\t\t<div class=\"elementor-widget-container\">\n\t\t\t<style>\/*! elementor - v3.18.0 - 20-12-2023 *\/\n.elementor-widget-text-editor.elementor-drop-cap-view-stacked .elementor-drop-cap{background-color:#69727d;color:#fff}.elementor-widget-text-editor.elementor-drop-cap-view-framed .elementor-drop-cap{color:#69727d;border:3px solid;background-color:transparent}.elementor-widget-text-editor:not(.elementor-drop-cap-view-default) .elementor-drop-cap{margin-top:8px}.elementor-widget-text-editor:not(.elementor-drop-cap-view-default) .elementor-drop-cap-letter{width:1em;height:1em}.elementor-widget-text-editor .elementor-drop-cap{float:left;text-align:center;line-height:1;font-size:50px}.elementor-widget-text-editor .elementor-drop-cap-letter{display:inline-block}<\/style>\t\t\t\t<!-- wp:paragraph -->\n<p>Entre el 17 y el 25 de noviembre, el \u00e1rea de\u00a0<a href=\"https:\/\/www.orbeconsultores.com\/servicio-territorio-comunidades\"><strong>Comunidades de ORBE Ambiental &amp; Legal<\/strong>\u00a0<\/a>desarroll\u00f3 un ciclo de visitas t\u00e9cnicas a diversas plantaciones del proyecto\u00a0<strong>Bosques de Bolsillo<\/strong>, implementadas durante el presente a\u00f1o. Estas actividades tuvieron como objetivo principal la realizaci\u00f3n de\u00a0<strong>capacitaciones especializadas<\/strong>\u00a0dirigidas a funcionarios municipales, vecinos y estudiantes, con el fin de conformar\u00a0<strong>comit\u00e9s locales de seguimiento y cuidado<\/strong>\u00a0que aseguren la correcta gesti\u00f3n y conservaci\u00f3n de estos espacios verdes en el tiempo, tambi\u00e9n conocido como los \u201cGuardianes del Bosque\u201d.<\/p>\n<p>\u00a0<\/p>\n<!-- \/wp:paragraph --><!-- wp:image {\"id\":3298,\"align\":\"center\"} -->\n<figure class=\"wp-block-image aligncenter\"><img decoding=\"async\" class=\"wp-image-3298\" src=\"https:\/\/www.orbeconsultores.com\/pulso-ambiental\/wp-content\/uploads\/2025\/11\/6-scaled.jpg\" alt=\"ORBE- Bosques de Bolsillo Capacitaci\u00f3n Guardianes del Bosque\" \/><\/figure>\n<!-- \/wp:image --><!-- wp:paragraph -->\n<p>\u00a0<\/p>\n<p>El proyecto\u00a0<strong>Bosques de Bolsillo<\/strong>\u00a0busca generar \u00e1reas de vegetaci\u00f3n nativa en entornos urbanos, contribuyendo a la\u00a0<strong>mitigaci\u00f3n de los efectos del cambio clim\u00e1tico<\/strong>, la mejora de la calidad del aire y la creaci\u00f3n de espacios de encuentro comunitario. Sin embargo, la permanencia y desarrollo de estos bosques requiere de un compromiso sostenido por parte de las comunidades locales. Por ello, estas capacitaciones se orientan a entregar herramientas pr\u00e1cticas y conocimientos t\u00e9cnicos que permitan a los participantes asumir un rol activo en la protecci\u00f3n y mantenimiento de los bosques.<\/p>\n<p>\u00a0<\/p>\n<!-- \/wp:paragraph --><!-- wp:heading {\"level\":3} -->\n<h3 class=\"wp-block-heading\"><strong>Jornadas de Capacitaci\u00f3n<\/strong><\/h3>\n<p>\u00a0<\/p>\n<!-- \/wp:heading --><!-- wp:paragraph -->\n<p>Durante esta jornada, el equipo de Comunidades, en colaboraci\u00f3n con los profesionales de\u00a0<strong><a href=\"https:\/\/symbiotica.cl\/\" target=\"_blank\" rel=\"noreferrer noopener\">Symbiotica<\/a><\/strong>, visit\u00f3 las comunas de\u00a0<strong>Maip\u00fa, Quinta Normal, Lo Espejo, Quilicura y Renca<\/strong>, donde se realizaron talleres participativos enfocados en temas como:<\/p>\n<!-- \/wp:paragraph --><!-- wp:list -->\n<ul class=\"wp-block-list\"><!-- wp:list-item -->\n<li><strong>Manejo y cuidado de especies nativas<\/strong><\/li>\n<!-- \/wp:list-item --><!-- wp:list-item -->\n<li><strong>Riego eficiente<\/strong><\/li>\n<!-- \/wp:list-item --><!-- wp:list-item -->\n<li><strong>Monitoreo del crecimiento y salud del bosque<\/strong><\/li>\n<!-- \/wp:list-item --><!-- wp:list-item -->\n<li><strong>Organizaci\u00f3n comunitaria para la gesti\u00f3n ambiental<\/strong><\/li>\n<!-- \/wp:list-item --><\/ul>\n<p>\u00a0<\/p>\n<!-- \/wp:list --><!-- wp:paragraph -->\n<p>Estas instancias no solo fortalecen la capacidad t\u00e9cnica de los asistentes, sino que tambi\u00e9n fomentan la\u00a0<strong>educaci\u00f3n ambiental<\/strong>\u00a0y la\u00a0<strong>responsabilidad compartida<\/strong>\u00a0en la protecci\u00f3n de los recursos naturales.<\/p>\n<p>\u00a0<\/p>\n<!-- \/wp:paragraph --><!-- wp:image {\"id\":3299,\"align\":\"center\"} -->\n<figure class=\"wp-block-image aligncenter\"><img decoding=\"async\" class=\"wp-image-3299\" src=\"https:\/\/www.orbeconsultores.com\/pulso-ambiental\/wp-content\/uploads\/2025\/11\/8-scaled.jpg\" alt=\"ORBE- Bosques de Bolsillo Capacitaci\u00f3n Guardianes del Bosque\" \/><\/figure>\n<!-- \/wp:image --><!-- wp:paragraph -->\n<p>\u00a0<\/p>\n<p>Desde ORBE Ambiental &amp; Legal, agradecemos profundamente la participaci\u00f3n activa de las comunidades y entidades involucradas. Su compromiso es fundamental para cuidar estos espacios, especialmente en un contexto marcado por los desaf\u00edos del cambio clim\u00e1tico. Seguiremos trabajando para impulsar iniciativas que integren la\u00a0<strong>sostenibilidad<\/strong>, la\u00a0<strong>participaci\u00f3n ciudadana<\/strong>\u00a0y la\u00a0<strong>innovaci\u00f3n ambiental<\/strong>\u00a0como pilares del desarrollo territorial.<\/p>\n<!-- \/wp:paragraph -->\t\t\t\t\t\t<\/div>\n\t\t\t\t<\/div>\n\t\t\t\t\t<\/div>\n\t\t\t\t<\/div>\n\t\t\t\t\t\t\t<\/div>\n\t\t","protected":false},"excerpt":{"rendered":"<p>Entre el 17 y el 25 de noviembre, el \u00e1rea de\u00a0Comunidades de ORBE Ambiental &amp; Legal\u00a0desarroll\u00f3 un ciclo de visitas t\u00e9cnicas a diversas plantaciones del proyecto\u00a0Bosques de Bolsillo, implementadas durante el presente a\u00f1o. Estas actividades tuvieron como objetivo principal la realizaci\u00f3n de\u00a0capacitaciones especializadas\u00a0dirigidas a funcionarios municipales, vecinos y estudiantes, con el fin de conformar\u00a0comit\u00e9s locales [&hellip;]<\/p>\n","protected":false},"author":3,"featured_media":3888,"comment_status":"open","ping_status":"open","sticky":false,"template":"","format":"standard","meta":{"footnotes":""},"categories":[19],"tags":[315,64,658,659,108,657,505],"class_list":["post-3885","post","type-post","status-publish","format-standard","has-post-thumbnail","hentry","category-grupo-o2","tag-bosques-de-bolsillo","tag-comunidades","tag-lo-espejo","tag-maipu-2","tag-orbe","tag-quilicura","tag-renca"],"_links":{"self":[{"href":"https:\/\/www.grupo-o2.cl\/blog\/wp-json\/wp\/v2\/posts\/3885","targetHints":{"allow":["GET"]}}],"collection":[{"href":"https:\/\/www.grupo-o2.cl\/blog\/wp-json\/wp\/v2\/posts"}],"about":[{"href":"https:\/\/www.grupo-o2.cl\/blog\/wp-json\/wp\/v2\/types\/post"}],"author":[{"embeddable":true,"href":"https:\/\/www.grupo-o2.cl\/blog\/wp-json\/wp\/v2\/users\/3"}],"replies":[{"embeddable":true,"href":"https:\/\/www.grupo-o2.cl\/blog\/wp-json\/wp\/v2\/comments?post=3885"}],"version-history":[{"count":9,"href":"https:\/\/www.grupo-o2.cl\/blog\/wp-json\/wp\/v2\/posts\/3885\/revisions"}],"predecessor-version":[{"id":3895,"href":"https:\/\/www.grupo-o2.cl\/blog\/wp-json\/wp\/v2\/posts\/3885\/revisions\/3895"}],"wp:featuredmedia":[{"embeddable":true,"href":"https:\/\/www.grupo-o2.cl\/blog\/wp-json\/wp\/v2\/media\/3888"}],"wp:attachment":[{"href":"https:\/\/www.grupo-o2.cl\/blog\/wp-json\/wp\/v2\/media?parent=3885"}],"wp:term":[{"taxonomy":"category","embeddable":true,"href":"https:\/\/www.grupo-o2.cl\/blog\/wp-json\/wp\/v2\/categories?post=3885"},{"taxonomy":"post_tag","embeddable":true,"href":"https:\/\/www.grupo-o2.cl\/blog\/wp-json\/wp\/v2\/tags?post=3885"}],"curies":[{"name":"wp","href":"https:\/\/api.w.org\/{rel}","templated":true}]}}