{"id":3807,"date":"2025-11-06T14:11:39","date_gmt":"2025-11-06T17:11:39","guid":{"rendered":"https:\/\/www.grupo-o2.cl\/blog\/?p=3807"},"modified":"2025-11-06T14:13:18","modified_gmt":"2025-11-06T17:13:18","slug":"sgi-aspectos-e-impactos-ambientales","status":"publish","type":"post","link":"https:\/\/www.grupo-o2.cl\/blog\/sgi-aspectos-e-impactos-ambientales\/","title":{"rendered":"SGI: Aspectos e impactos ambientales"},"content":{"rendered":"\t\t<div data-elementor-type=\"wp-post\" data-elementor-id=\"3807\" class=\"elementor elementor-3807\">\n\t\t\t\t\t\t\t<div class=\"elementor-element elementor-element-b85af05 e-flex e-con-boxed e-con e-parent\" data-id=\"b85af05\" data-element_type=\"container\" data-settings=\"{&quot;content_width&quot;:&quot;boxed&quot;}\" data-core-v316-plus=\"true\">\n\t\t\t\t\t<div class=\"e-con-inner\">\n\t\t\t\t<div class=\"elementor-element elementor-element-62bbe77f elementor-widget elementor-widget-text-editor\" data-id=\"62bbe77f\" data-element_type=\"widget\" data-widget_type=\"text-editor.default\">\n\t\t\t\t<div class=\"elementor-widget-container\">\n\t\t\t<style>\/*! elementor - v3.18.0 - 20-12-2023 *\/\n.elementor-widget-text-editor.elementor-drop-cap-view-stacked .elementor-drop-cap{background-color:#69727d;color:#fff}.elementor-widget-text-editor.elementor-drop-cap-view-framed .elementor-drop-cap{color:#69727d;border:3px solid;background-color:transparent}.elementor-widget-text-editor:not(.elementor-drop-cap-view-default) .elementor-drop-cap{margin-top:8px}.elementor-widget-text-editor:not(.elementor-drop-cap-view-default) .elementor-drop-cap-letter{width:1em;height:1em}.elementor-widget-text-editor .elementor-drop-cap{float:left;text-align:center;line-height:1;font-size:50px}.elementor-widget-text-editor .elementor-drop-cap-letter{display:inline-block}<\/style>\t\t\t\t<p><span style=\"color: #000000;\"><!-- wp:paragraph --><\/span><\/p>\n<p><span style=\"color: #000000;\">Estimados Colaboradores<\/span><\/p>\n<p>\u00a0<\/p>\n<p><span style=\"color: #000000;\"><!-- \/wp:paragraph --><!-- wp:paragraph --><\/span><\/p>\n<p><span style=\"color: #000000;\"><strong>E<\/strong>n el marco de nuestro Sistema de Gesti\u00f3n Integrado (SGI) y el compromiso del Grupo-O2 con la sostenibilidad y el respeto por el medio ambiente, compartimos la Lecci\u00f3n en un Punto N\u00b068, correspondiente al tema \u201cAspectos e Impactos Ambientales\u201d.<\/span><\/p>\n<p>\u00a0<\/p>\n<p><span style=\"color: #000000;\"><!-- \/wp:paragraph --><!-- wp:paragraph --><\/span><\/p>\n<p><span style=\"color: #000000;\">Este comunicado tiene como objetivo reforzar el conocimiento y la aplicaci\u00f3n de buenas pr\u00e1cticas que nos permitan comprender c\u00f3mo nuestras actividades diarias, tanto en oficinas como en terreno, pueden generar efectos sobre el entorno y qu\u00e9 medidas debemos adoptar para reducirlos.<\/span><\/p>\n<p>\u00a0<\/p>\n<p><span style=\"color: #000000;\"><!-- \/wp:paragraph --><!-- wp:paragraph --><\/span><\/p>\n<h2><span style=\"color: #000000;\"><strong>\u00bfQu\u00e9 son los Aspectos Ambientales?<\/strong><\/span><\/h2>\n<p>\u00a0<\/p>\n<p><span style=\"color: #000000;\"><!-- \/wp:paragraph --><!-- wp:paragraph --><\/span><\/p>\n<p><span style=\"color: #000000;\">Los aspectos ambientales\u00a0corresponden a las actividades, productos o servicios de una organizaci\u00f3n que interact\u00faan directamente con el medio ambiente.<\/span><\/p>\n<p>\u00a0<\/p>\n<p><span style=\"color: #000000;\"><!-- \/wp:paragraph --><!-- wp:paragraph --><\/span><\/p>\n<p><span style=\"color: #000000;\">Estos pueden incluir desde el consumo de energ\u00eda y combustible, hasta la generaci\u00f3n de residuos o emisiones.<\/span><\/p>\n<p>\u00a0<\/p>\n<p><span style=\"color: #000000;\"><!-- \/wp:paragraph --><!-- wp:paragraph --><\/span><\/p>\n<h3><span style=\"color: #000000;\"><strong>\u00bfQu\u00e9 son los Impactos Ambientales?<\/strong><\/span><\/h3>\n<p>\u00a0<\/p>\n<p><span style=\"color: #000000;\"><!-- \/wp:paragraph --><!-- wp:paragraph --><\/span><\/p>\n<p><span style=\"color: #000000;\">Los impactos ambientales\u00a0son los cambios en el medio ambiente, ya sean positivos o negativos, que resultan total o parcialmente de los aspectos ambientales.<\/span><\/p>\n<p>\u00a0<\/p>\n<p><span style=\"color: #000000;\"><!-- \/wp:paragraph --><!-- wp:paragraph --><\/span><\/p>\n<p><span style=\"color: #000000;\">Estos impactos pueden manifestarse en la contaminaci\u00f3n del aire, el suelo, el agua o en la alteraci\u00f3n de ecosistemas naturales.<\/span><\/p>\n<p>\u00a0<\/p>\n<p><span style=\"color: #000000;\"><!-- \/wp:paragraph --><!-- wp:paragraph --><\/span><\/p>\n<h3><span style=\"color: #000000;\"><strong>Gesti\u00f3n en el Grupo-O2<\/strong><\/span><\/h3>\n<p>\u00a0<\/p>\n<p><span style=\"color: #000000;\"><!-- \/wp:paragraph --><!-- wp:paragraph --><\/span><\/p>\n<p><span style=\"color: #000000;\">Nuestra organizaci\u00f3n cuenta con herramientas formales para la identificaci\u00f3n, evaluaci\u00f3n y control de estos efectos:<\/span><\/p>\n<p>\u00a0<\/p>\n<p><span style=\"color: #000000;\"><!-- \/wp:paragraph --><!-- wp:list --><\/span><\/p>\n<ul class=\"wp-block-list\"><!-- wp:list-item -->\n<li><span style=\"color: #000000;\"><strong>Procedimiento SGI-PR-22:<\/strong>Identificaci\u00f3n y Evaluaci\u00f3n de Aspectos e Impactos Ambientales.<\/span><\/li>\n<!-- \/wp:list-item --><!-- wp:list-item -->\n<li><span style=\"color: #000000;\"><strong>Matriz SGI-FR-35:<\/strong>\u00a0Registro donde se listan las actividades, sus posibles impactos y las medidas de control asociadas.<\/span><\/li>\n<!-- \/wp:list-item --><\/ul>\n<p>\u00a0<\/p>\n<p><span style=\"color: #000000;\"><!-- \/wp:list --><!-- wp:paragraph --><\/span><\/p>\n<p><span style=\"color: #000000;\">Estos instrumentos permiten gestionar de manera sistem\u00e1tica las actividades que realizamos, asegurando que cada \u00e1rea contribuya al cumplimiento de los compromisos ambientales del Grupo-O2.<\/span><\/p>\n<p>\u00a0<\/p>\n<p><span style=\"color: #000000;\"><!-- \/wp:paragraph --><!-- wp:paragraph --><\/span><\/p>\n<p><span style=\"color: #000000;\"><strong>Ejemplos de Aplicaci\u00f3n<\/strong><\/span><\/p>\n<p>\u00a0<\/p>\n<p><span style=\"color: #000000;\"><!-- \/wp:paragraph --><!-- wp:table --><\/span><\/p>\n<figure class=\"wp-block-table\">\n<table class=\"has-fixed-layout\">\n<tbody>\n<tr>\n<td><span style=\"color: #000000;\"><strong>Actividad<\/strong><\/span><\/td>\n<td><span style=\"color: #000000;\"><strong>Aspecto Ambiental<\/strong><\/span><\/td>\n<td><span style=\"color: #000000;\"><strong>Impacto Ambiental<\/strong><\/span><\/td>\n<td><span style=\"color: #000000;\"><strong>Medida de Control<\/strong><\/span><\/td>\n<\/tr>\n<tr>\n<td><span style=\"color: #000000;\">Trabajo en oficina \/ Traslado de personal<\/span><\/td>\n<td><span style=\"color: #000000;\">Consumo de combustible (di\u00e9sel o bencina)<\/span><\/td>\n<td><span style=\"color: #000000;\">Agotamiento de recursos, contaminaci\u00f3n del aire, calentamiento global<\/span><\/td>\n<td><span style=\"color: #000000;\">Mantenci\u00f3n del veh\u00edculo seg\u00fan kilometraje y recomendaciones del fabricante<\/span><\/td>\n<\/tr>\n<tr>\n<td><span style=\"color: #000000;\">Generaci\u00f3n de residuos de papel<\/span><\/td>\n<td><span style=\"color: #000000;\">Producci\u00f3n de desechos s\u00f3lidos<\/span><\/td>\n<td><span style=\"color: #000000;\">Contaminaci\u00f3n del suelo<\/span><\/td>\n<td><span style=\"color: #000000;\">Disposici\u00f3n final en punto limpio municipal y control del proceso<\/span><\/td>\n<\/tr>\n<tr>\n<td><span style=\"color: #000000;\">Simulacros o emergencias<\/span><\/td>\n<td><span style=\"color: #000000;\">ncendios<\/span><\/td>\n<td><span style=\"color: #000000;\">Emisi\u00f3n de gases de efecto invernadero, calentamiento global<\/span><\/td>\n<td><span style=\"color: #000000;\">Capacitaci\u00f3n y entrenamiento del personal seg\u00fan el Plan de Emergencias<\/span><\/td>\n<\/tr>\n<\/tbody>\n<\/table>\n<p>\u00a0<\/p>\n<\/figure>\n<p><span style=\"color: #000000;\"><!-- \/wp:table --><!-- wp:paragraph --><\/span><\/p>\n<h3><span style=\"color: #000000;\"><strong>Buenas Pr\u00e1cticas Ambientales<\/strong><\/span><\/h3>\n<p>\u00a0<\/p>\n<p><span style=\"color: #000000;\"><!-- \/wp:paragraph --><!-- wp:paragraph --><\/span><\/p>\n<p><span style=\"color: #000000;\">Cada colaborador puede aportar a la reducci\u00f3n de impactos ambientales aplicando simples h\u00e1bitos en su rutina laboral y personal:<\/span><\/p>\n<p>\u00a0<\/p>\n<p><span style=\"color: #000000;\"><!-- \/wp:paragraph --><!-- wp:list --><\/span><\/p>\n<ul class=\"wp-block-list\"><!-- wp:list-item -->\n<li><span style=\"color: #000000;\">Reduce, reutiliza y recicla: prioriza productos duraderos y evita el uso de materiales desechables.<\/span><\/li>\n<!-- \/wp:list-item --><!-- wp:list-item -->\n<li><span style=\"color: #000000;\">Cuida el agua: usa s\u00f3lo la necesaria y optimiza su consumo.<\/span><\/li>\n<!-- \/wp:list-item --><!-- wp:list-item -->\n<li><span style=\"color: #000000;\">Ahorra energ\u00eda: apaga luces y equipos cuando no los utilices; prefiere ampolletas LED.<\/span><\/li>\n<!-- \/wp:list-item --><!-- wp:list-item -->\n<li><span style=\"color: #000000;\">Mu\u00e9vete de forma sostenible: utiliza transporte p\u00fablico, bicicleta o comparte veh\u00edculo.<\/span><\/li>\n<!-- \/wp:list-item --><!-- wp:list-item -->\n<li><span style=\"color: #000000;\">Consume con conciencia: elige productos locales, reciclables y con menor embalaje.<\/span><\/li>\n<!-- \/wp:list-item --><\/ul>\n<p>\u00a0<\/p>\n<p><span style=\"color: #000000;\"><!-- \/wp:list --><!-- wp:paragraph --><\/span><\/p>\n<h3><span style=\"color: #000000;\"><strong>Compromiso Corporativo<\/strong><\/span><\/h3>\n<p>\u00a0<\/p>\n<p><span style=\"color: #000000;\"><!-- \/wp:paragraph --><!-- wp:paragraph --><\/span><\/p>\n<p><span style=\"color: #000000;\">Cada acci\u00f3n cuenta. El cuidado del medio ambiente es una responsabilidad compartida\u00a0entre todas las empresas y colaboradores del Grupo-O2.<\/span><\/p>\n<p><span style=\"color: #000000;\"><!-- \/wp:paragraph --><\/span><\/p>\t\t\t\t\t\t<\/div>\n\t\t\t\t<\/div>\n\t\t\t\t\t<\/div>\n\t\t\t\t<\/div>\n\t\t\t\t\t\t\t<\/div>\n\t\t","protected":false},"excerpt":{"rendered":"<p>Estimados Colaboradores \u00a0 En el marco de nuestro Sistema de Gesti\u00f3n Integrado (SGI) y el compromiso del Grupo-O2 con la sostenibilidad y el respeto por el medio ambiente, compartimos la Lecci\u00f3n en un Punto N\u00b068, correspondiente al tema \u201cAspectos e Impactos Ambientales\u201d. \u00a0 Este comunicado tiene como objetivo reforzar el conocimiento y la aplicaci\u00f3n de [&hellip;]<\/p>\n","protected":false},"author":3,"featured_media":3811,"comment_status":"open","ping_status":"open","sticky":false,"template":"","format":"standard","meta":{"footnotes":""},"categories":[19],"tags":[22,644,51],"class_list":["post-3807","post","type-post","status-publish","format-standard","has-post-thumbnail","hentry","category-grupo-o2","tag-grupo-o2","tag-impactos-ambientales","tag-sgi"],"_links":{"self":[{"href":"https:\/\/www.grupo-o2.cl\/blog\/wp-json\/wp\/v2\/posts\/3807","targetHints":{"allow":["GET"]}}],"collection":[{"href":"https:\/\/www.grupo-o2.cl\/blog\/wp-json\/wp\/v2\/posts"}],"about":[{"href":"https:\/\/www.grupo-o2.cl\/blog\/wp-json\/wp\/v2\/types\/post"}],"author":[{"embeddable":true,"href":"https:\/\/www.grupo-o2.cl\/blog\/wp-json\/wp\/v2\/users\/3"}],"replies":[{"embeddable":true,"href":"https:\/\/www.grupo-o2.cl\/blog\/wp-json\/wp\/v2\/comments?post=3807"}],"version-history":[{"count":5,"href":"https:\/\/www.grupo-o2.cl\/blog\/wp-json\/wp\/v2\/posts\/3807\/revisions"}],"predecessor-version":[{"id":3814,"href":"https:\/\/www.grupo-o2.cl\/blog\/wp-json\/wp\/v2\/posts\/3807\/revisions\/3814"}],"wp:featuredmedia":[{"embeddable":true,"href":"https:\/\/www.grupo-o2.cl\/blog\/wp-json\/wp\/v2\/media\/3811"}],"wp:attachment":[{"href":"https:\/\/www.grupo-o2.cl\/blog\/wp-json\/wp\/v2\/media?parent=3807"}],"wp:term":[{"taxonomy":"category","embeddable":true,"href":"https:\/\/www.grupo-o2.cl\/blog\/wp-json\/wp\/v2\/categories?post=3807"},{"taxonomy":"post_tag","embeddable":true,"href":"https:\/\/www.grupo-o2.cl\/blog\/wp-json\/wp\/v2\/tags?post=3807"}],"curies":[{"name":"wp","href":"https:\/\/api.w.org\/{rel}","templated":true}]}}