{"id":2378,"date":"2025-01-20T10:54:21","date_gmt":"2025-01-20T13:54:21","guid":{"rendered":"https:\/\/www.grupo-o2.cl\/blog\/?p=2378"},"modified":"2025-01-20T10:55:31","modified_gmt":"2025-01-20T13:55:31","slug":"protegiendo-la-biodiversidad-el-rol-del-area-de-flora-en-orbe-ambiental-legal","status":"publish","type":"post","link":"https:\/\/www.grupo-o2.cl\/blog\/protegiendo-la-biodiversidad-el-rol-del-area-de-flora-en-orbe-ambiental-legal\/","title":{"rendered":"Protegiendo la Biodiversidad: El Rol del \u00c1rea de Flora en ORBE Ambiental &amp; Legal"},"content":{"rendered":"\t\t<div data-elementor-type=\"wp-post\" data-elementor-id=\"2378\" class=\"elementor elementor-2378\">\n\t\t\t\t\t\t\t<div class=\"elementor-element elementor-element-4d98853 e-flex e-con-boxed e-con e-parent\" data-id=\"4d98853\" data-element_type=\"container\" data-settings=\"{&quot;content_width&quot;:&quot;boxed&quot;}\" data-core-v316-plus=\"true\">\n\t\t\t\t\t<div class=\"e-con-inner\">\n\t\t\t\t<div class=\"elementor-element elementor-element-368518bc elementor-widget elementor-widget-text-editor\" data-id=\"368518bc\" data-element_type=\"widget\" data-widget_type=\"text-editor.default\">\n\t\t\t\t<div class=\"elementor-widget-container\">\n\t\t\t<style>\/*! elementor - v3.18.0 - 20-12-2023 *\/\n.elementor-widget-text-editor.elementor-drop-cap-view-stacked .elementor-drop-cap{background-color:#69727d;color:#fff}.elementor-widget-text-editor.elementor-drop-cap-view-framed .elementor-drop-cap{color:#69727d;border:3px solid;background-color:transparent}.elementor-widget-text-editor:not(.elementor-drop-cap-view-default) .elementor-drop-cap{margin-top:8px}.elementor-widget-text-editor:not(.elementor-drop-cap-view-default) .elementor-drop-cap-letter{width:1em;height:1em}.elementor-widget-text-editor .elementor-drop-cap{float:left;text-align:center;line-height:1;font-size:50px}.elementor-widget-text-editor .elementor-drop-cap-letter{display:inline-block}<\/style>\t\t\t\t<!-- wp:paragraph -->\n<p>Dentro de nuestras especialidades de\u00a0<strong>ORBE<\/strong>, se encuentra el componente de Flora y vegetaci\u00f3n, la cual se especializa en estudios de flora presente en un \u00e1rea determinada y sus unidades vegetacionales presentes, promoviendo la conservaci\u00f3n de la diversidad biol\u00f3gica existente.<\/p>\n<p>\u00a0<\/p>\n<!-- \/wp:paragraph --><!-- wp:paragraph -->\n<p>Este componente ofrece un an\u00e1lisis detallado de la riqueza y estructura de los ecosistemas, con soluciones enfocadas en la restauraci\u00f3n de h\u00e1bitats degradados y el desarrollo sostenible.<\/p>\n<p>\u00a0<\/p>\n<!-- \/wp:paragraph --><!-- wp:image {\"id\":2196,\"align\":\"left\"} -->\n<figure class=\"wp-block-image alignleft\"><img decoding=\"async\" class=\"wp-image-2196\" src=\"https:\/\/www.orbeconsultores.com\/pulso-ambiental\/wp-content\/uploads\/2025\/01\/david-messuto-thumbnail.png\" alt=\"\" \/><\/figure>\n<!-- \/wp:image --><!-- wp:paragraph -->\n<p>Para saber m\u00e1s detalles del trabajo que se hace en el sector de la Flora y vegetaci\u00f3n en la consultor\u00eda, hablamos con el Encargado de \u00c1rea,\u00a0<strong><em>David Messutto<\/em><\/strong>, quien es Licenciado en ciencias de los recursos naturales renovables.<\/p>\n<p>\u00a0<\/p>\n<!-- \/wp:paragraph --><!-- wp:heading {\"level\":3} -->\n<h3 class=\"wp-block-heading\"><strong>\u00bfQu\u00e9 es lo que se hace previo en un proyecto medioambiental en el componente de Flora y vegetaci\u00f3n?<\/strong><\/h3>\n<p>\u00a0<\/p>\n<!-- \/wp:heading --><!-- wp:paragraph -->\n<p>En nuestra \u00e1rea, estamos en un an\u00e1lisis constante\u2026 Siempre generando un examen previo, presente y posterior de la informaci\u00f3n. Levantamos la informaci\u00f3n existente para una l\u00ednea base, con antelaci\u00f3n a una campa\u00f1a de terreno que permitir\u00e1 la integraci\u00f3n de la informaci\u00f3n levantada para la presentaci\u00f3n de un proyecto, y as\u00ed poder entender si estamos cumpliendo la norma legal o es necesario poder realizar ajustes que permitan el \u00e9xito de un proyecto.<\/p>\n<p>\u00a0<\/p>\n<!-- \/wp:paragraph --><!-- wp:paragraph -->\n<p>Una vez validado, siempre incorporamos elementos adicionales de an\u00e1lisis en nuestra l\u00ednea base. De este modo, no solo presentamos lo m\u00ednimo requerido, sino que tambi\u00e9n contamos con un plan m\u00e1s s\u00f3lido y completo al momento de abordar los proyectos medioambientales.<\/p>\n<p>\u00a0<\/p>\n<!-- \/wp:paragraph --><!-- wp:heading {\"level\":3} -->\n<h3 class=\"wp-block-heading\"><strong>\u00bfCon qu\u00e9 entes gubernamentales est\u00e1n trabajando en el \u00e1rea?<\/strong><\/h3>\n<p>\u00a0<\/p>\n<!-- \/wp:heading --><!-- wp:paragraph -->\n<p>Trabajamos con la Corporaci\u00f3n Nacional Forestal (CONAF), el Servicio Agr\u00edcola Ganadero (SAG) y \u00e9l Servicio de Evaluaci\u00f3n Ambiental (SEA), ya que obtenemos de ellos informaci\u00f3n oficial. Adem\u00e1s, en caso de existir alguna reclamaci\u00f3n o duda, son ellos quienes nos brindan directamente los lineamientos sobre c\u00f3mo proceder.<\/p>\n<p>\u00a0<\/p>\n<!-- \/wp:paragraph --><!-- wp:paragraph -->\n<p>Sin embargo, la constante actualizaci\u00f3n de las gu\u00edas ambientales y las normativas ha hecho que recurramos cada vez menos a estos organismos. Aunque siguen siendo necesarios, hoy en d\u00eda las gu\u00edas del Servicio de Evaluaci\u00f3n Ambiental (SEA) proporcionan est\u00e1ndares que, en muchos casos, son incluso internacionales. Esto nos otorga mayor responsabilidad y una base m\u00e1s s\u00f3lida de informaci\u00f3n para el estudio.<\/p>\n<p>\u00a0<\/p>\n<!-- \/wp:paragraph --><!-- wp:paragraph -->\n<p>Esto es una innovaci\u00f3n constante debido a los lugares y los proyectos que se est\u00e1n levantando, como el caso de la nueva gu\u00eda sobre\u00a0<a href=\"https:\/\/www.sea.gob.cl\/documentacion\/guias-y-criterios\/criterio-de-evaluacion-en-el-seia-golondrinas-de-mar-en-el-marco\"><strong>CRITERIO DE EVALUACI\u00d3N EN EL SEIA: Golondrinas<\/strong>\u00a0<strong>de mar<\/strong><\/a>\u00a0en el marco del SEIA que justamente nace por un caso de proyecto, tambi\u00e9n la\u00a0<a href=\"https:\/\/www.sea.gob.cl\/noticias\/sea-publico-nueva-guia-metodologica-para-la-descripcion-de-ecosistemas-terrestres\"><strong>GU\u00cdA DE \u00c1REA DE INFLUENCIA DE ECOSISTEMAS TERRESTRES y la GU\u00cdA METODOL\u00d3GICA PARA LA DESCRIPCI\u00d3N DE ECOSISTEMAS TERRESTRES\u00a0<\/strong><\/a>entre otras.<\/p>\n<p>\u00a0<\/p>\n<!-- \/wp:paragraph --><!-- wp:heading {\"level\":3} -->\n<h3 class=\"wp-block-heading\"><strong>Compensaci\u00f3n de Biodiversidad<\/strong><\/h3>\n<p>\u00a0<\/p>\n<!-- \/wp:heading --><!-- wp:paragraph -->\n<p>La nueva gu\u00eda del Servicio de Evaluaci\u00f3n Ambiental (SEA) de Chile para la compensaci\u00f3n de biodiversidad, basada en el art\u00edculo 11 de la Ley 19.300, establece un marco detallado para dise\u00f1ar e implementar medidas de compensaci\u00f3n en proyectos que afectan la biodiversidad. A continuaci\u00f3n un resumen de los puntos clave:<\/p>\n<p>\u00a0<\/p>\n<!-- \/wp:paragraph --><!-- wp:paragraph -->\n<p>El Objetivo Principal de La gu\u00eda es busca alcanzar una\u00a0<strong>p\u00e9rdida neta cero de biodiversidad<\/strong>\u00a0mediante la implementaci\u00f3n de medidas de compensaci\u00f3n adecuadas cuando no es posible mitigar o reparar los impactos significativos.<\/p>\n<p>\u00a0<\/p>\n<!-- \/wp:paragraph --><!-- wp:quote -->\n<blockquote class=\"wp-block-quote\"><!-- wp:paragraph -->\n<p><strong><u>Se enfoca en tres niveles de an\u00e1lisis:<\/u><\/strong><\/p>\n<!-- \/wp:paragraph --><\/blockquote>\n<!-- \/wp:quote --><!-- wp:list {\"ordered\":true} -->\n<ol class=\"wp-block-list\"><!-- wp:list-item -->\n<li><strong><em>Mapas de relevancia: Eval\u00faa la prioridad de protecci\u00f3n de ecosistemas terrestres y acu\u00e1ticos, considerando factores como la biodiversidad, la amenaza a los ecosistemas y su valor en la conservaci\u00f3n.<\/em><\/strong><\/li>\n<!-- \/wp:list-item --><!-- wp:list-item -->\n<li><strong><em>Matriz de componentes clave de biodiversidad: Identifica y describe los componentes clave en el \u00e1rea de influencia y el sitio de compensaci\u00f3n, teniendo en cuenta su valor intr\u00ednseco y los servicios ecosist\u00e9micos que brindan.<\/em><\/strong><\/li>\n<!-- \/wp:list-item --><!-- wp:list-item -->\n<li><strong><em>M\u00e9trica de cuantificaci\u00f3n: Analiza la condici\u00f3n de la biodiversidad a diferentes niveles (paisaje, ecosistemas terrestres y acu\u00e1ticos), y calcula el impacto residual y las ganancias de biodiversidad para asegurar la equivalencia ecol\u00f3gica\u00a0<\/em>y lograr al menos una p\u00e9rdida neta cero.<\/strong><\/li>\n<!-- \/wp:list-item --><\/ol>\n<p>\u00a0<\/p>\n<!-- \/wp:list --><!-- wp:paragraph -->\n<p>Esta gu\u00eda proporciona una base s\u00f3lida para la protecci\u00f3n y compensaci\u00f3n de la biodiversidad en proyectos de desarrollo, asegurando que se consideren las variables ambientales, sociales y econ\u00f3micas de manera equilibrada.<\/p>\n<p>\u00a0<\/p>\n<!-- \/wp:paragraph --><!-- wp:heading {\"level\":3} -->\n<h3 class=\"wp-block-heading\"><strong>\u00bfSe presenta como un desaf\u00edo cumplible esta gu\u00eda?<\/strong><\/h3>\n<p>\u00a0<\/p>\n<!-- \/wp:heading --><!-- wp:paragraph -->\n<p>Por supuesto! Igualmente es super realizable. Es casi cosa de voluntad por parte de los clientes, nosotros como consultora levantamos y proporcionamos la informaci\u00f3n.<\/p>\n<p>\u00a0<\/p>\n<!-- \/wp:paragraph --><!-- wp:paragraph -->\n<p>Esto por lo general se ve como un gasto muy grande, pero es totalmente necesario para efectuar un buen trabajo en el \u00e1rea a evaluar.<\/p>\n<p>\u00a0<\/p>\n<!-- \/wp:paragraph --><!-- wp:heading {\"level\":3} -->\n<h3 class=\"wp-block-heading\"><strong>\u00bfC\u00f3mo se asegura que las medidas de compensaci\u00f3n de biodiversidad realmente logren una p\u00e9rdida neta cero en la pr\u00e1ctica?<\/strong><\/h3>\n<p>\u00a0<\/p>\n<!-- \/wp:heading --><!-- wp:paragraph -->\n<p>Lograr una p\u00e9rdida neta cero de biodiversidad es un desaf\u00edo complejo pero alcanzable con la implementaci\u00f3n adecuada de las medidas de compensaci\u00f3n.<\/p>\n<p>\u00a0<\/p>\n<!-- \/wp:paragraph --><!-- wp:paragraph -->\n<p>Para que las medidas de compensaci\u00f3n realmente logren una p\u00e9rdida neta cero, es crucial que se realice lo siguiente:<\/p>\n<p>\u00a0<\/p>\n<!-- \/wp:paragraph --><!-- wp:list -->\n<ul class=\"wp-block-list\"><!-- wp:list-item -->\n<li><strong>Cumplimiento de Compromisos Internacionales: La gu\u00eda est\u00e1 alineada con los compromisos internacionales de Chile, como el Convenio sobre la Diversidad Biol\u00f3gica y el Acuerdo de Par\u00eds, y contribuye a los objetivos de la Estrategia Nacional de Biodiversidad 2017-2030.<\/strong><\/li>\n<!-- \/wp:list-item --><!-- wp:list-item -->\n<li><strong>Especificaciones T\u00e9cnicas: La segunda edici\u00f3n de la gu\u00eda incluye nuevas especificaciones t\u00e9cnicas para facilitar la identificaci\u00f3n y delimitaci\u00f3n de ecosistemas, an\u00e1lisis a nivel de paisaje y ajustes en la m\u00e9trica de cuantificaci\u00f3n.<\/strong><\/li>\n<!-- \/wp:list-item --><!-- wp:list-item -->\n<li><strong>Implementaci\u00f3n y Monitoreo: Se establecen lineamientos claros para asegurar el cumplimiento y monitoreo de las medidas de compensaci\u00f3n a largo plazo, garantizando que las ganancias de biodiversidad se mantengan en el tiempo.<\/strong><\/li>\n<!-- \/wp:list-item --><\/ul>\n<!-- \/wp:list --><!-- wp:paragraph -->\n<p>Un seguimiento riguroso y monitoreo de los ecosistemas afectados. Implica establecer indicadores claros y metas espec\u00edficas, as\u00ed como llevar a cabo evaluaciones peri\u00f3dicas para ajustar las acciones seg\u00fan sea necesario.<\/p>\n<p>\u00a0<\/p>\n<!-- \/wp:paragraph --><!-- wp:paragraph -->\n<p>Mientras se aplique mayor rigurosidad al monitoreo, se pueden levantar mejores datos para hacer de mejor manera la compensaci\u00f3n. Eso puede ser tambi\u00e9n una invitaci\u00f3n abierta a pensar cual metodolog\u00eda es mejor para cumplir, porque por ejemplo podemos decir que dos monitoreos al a\u00f1o es suficiente, pero mientras m\u00e1s robusto y riguroso es el monitoreo, m\u00e1s posibilidad tendremos de lograr esa p\u00e9rdida neta cero.<\/p>\n<p>\u00a0<\/p>\n<!-- \/wp:paragraph --><!-- wp:heading {\"level\":3} -->\n<h3 class=\"wp-block-heading\"><strong>Como desaf\u00edo \u00bfDe qu\u00e9 forma se combinan las variables ambientales, sociales en esta gu\u00eda, \u00bfc\u00f3mo se implementan?<\/strong><\/h3>\n<p>\u00a0<\/p>\n<!-- \/wp:heading --><!-- wp:paragraph -->\n<p>La gu\u00eda del SEA busca integrar estos aspectos mediante la evaluaci\u00f3n de los impactos sociales y econ\u00f3micos de las medidas de compensaci\u00f3n. Esto se implementa a trav\u00e9s de la inclusi\u00f3n de comunidades locales en el dise\u00f1o de las compensaciones, asegurando que se consideren sus necesidades y que los beneficios se distribuyan equitativamente.<\/p>\n<p>\u00a0<\/p>\n<!-- \/wp:paragraph --><!-- wp:paragraph -->\n<p>Por ejemplo, si en un proyecto tenemos un tr\u00e1nsito publico hacia la playa, donde la gente transita habitualmente en aquel lugar, donde se llevar\u00e1 a cabo el proyecto, si o si la comunidad debe participar e integrar los procesos, de hecho, si est\u00e1n exentos el proyecto quedar\u00e1 sin considerar al componente humano y por ende estar\u00e1 deficiente en ese aspecto.<\/p>\n<p>\u00a0<\/p>\n<!-- \/wp:paragraph --><!-- wp:paragraph -->\n<p>Al estar resguardando y compensando un \u00e1rea de naturaleza, estamos asegurando soluciones basadas en la naturaleza para la gente que habita en el territorio, adem\u00e1s, si se incluye educaci\u00f3n ambiental para las comunidades el proyecto se vincula con la comunidad, con nosotros, y con el cliente, mejorando as\u00ed en sinergia el \u00e1rea a intervenir.<\/p>\n<p>\u00a0<\/p>\n<!-- \/wp:paragraph --><!-- wp:heading {\"level\":3} -->\n<h3 class=\"wp-block-heading\"><strong>\u00bfSe puede lograr mantener estas med<\/strong><strong>idas de forma efectiva a largo plazo? \u00bfO crees t\u00fa que van en conjunto con otras acciones?<\/strong><\/h3>\n<p>\u00a0<\/p>\n<!-- \/wp:heading --><!-- wp:paragraph -->\n<p>Aunque la gu\u00eda establece un camino claro hacia la compensaci\u00f3n de la biodiversidad, su \u00e9xito depende de una implementaci\u00f3n robusta, el compromiso de las partes interesadas y el monitoreo continuo.<\/p>\n<p>\u00a0<\/p>\n<!-- \/wp:paragraph --><!-- wp:paragraph -->\n<p>En el fondo, siempre nos dan un tiempo acotado de seguimiento, pero por lo general nuestro an\u00e1lisis y monitoreo propende a conservar la biodiversidad existente y mantenerla en el tiempo para as\u00ed mantenernos dentro de la norma.<\/p>\n<p>\u00a0<\/p>\n<!-- \/wp:paragraph --><!-- wp:heading {\"level\":3} -->\n<h3 class=\"wp-block-heading\"><strong>\u00bfCu\u00e1les son los desaf\u00edos del \u00e1rea a futuro?<\/strong><\/h3>\n<p>\u00a0<\/p>\n<!-- \/wp:heading --><!-- wp:paragraph -->\n<p>Estamos buscando nuevos profesionales para consolidar el \u00e1rea de medio bi\u00f3tico. Nuevas caras y nuevos aires siempre nos vendr\u00e1n bien.<\/p>\n<p>\u00a0<\/p>\n<!-- \/wp:paragraph --><!-- wp:paragraph -->\n<p>Sin embargo, creo que el mayor desaf\u00edo a cumplir es la comunicaci\u00f3n con nuestros clientes, cuesta hacer entender de los nuevos cambios de normativas legales del pa\u00eds, la constante actualizaci\u00f3n del SEA los tiene un poco confundidos puesto que muchos se quedaron con la normativa anterior, y se est\u00e1 modificando continuamente.<\/p>\n<p>\u00a0<\/p>\n<!-- \/wp:paragraph --><!-- wp:paragraph -->\n<p>A modo personal, creo que se trata de algo totalmente generacional, donde debemos hacer entender que los cambios de las normativas solo van en b\u00fasqueda de ayudar a la ejecuci\u00f3n de proyectos y la el resguardo de los recursos naturales afectados en los proyectos.<\/p>\n<!-- \/wp:paragraph -->\t\t\t\t\t\t<\/div>\n\t\t\t\t<\/div>\n\t\t\t\t\t<\/div>\n\t\t\t\t<\/div>\n\t\t\t\t\t\t\t<\/div>\n\t\t","protected":false},"excerpt":{"rendered":"<p>Dentro de nuestras especialidades de\u00a0ORBE, se encuentra el componente de Flora y vegetaci\u00f3n, la cual se especializa en estudios de flora presente en un \u00e1rea determinada y sus unidades vegetacionales presentes, promoviendo la conservaci\u00f3n de la diversidad biol\u00f3gica existente. \u00a0 Este componente ofrece un an\u00e1lisis detallado de la riqueza y estructura de los ecosistemas, con [&hellip;]<\/p>\n","protected":false},"author":3,"featured_media":2380,"comment_status":"open","ping_status":"open","sticky":false,"template":"","format":"standard","meta":{"footnotes":""},"categories":[19],"tags":[108,355],"class_list":["post-2378","post","type-post","status-publish","format-standard","has-post-thumbnail","hentry","category-grupo-o2","tag-orbe","tag-seai"],"_links":{"self":[{"href":"https:\/\/www.grupo-o2.cl\/blog\/wp-json\/wp\/v2\/posts\/2378","targetHints":{"allow":["GET"]}}],"collection":[{"href":"https:\/\/www.grupo-o2.cl\/blog\/wp-json\/wp\/v2\/posts"}],"about":[{"href":"https:\/\/www.grupo-o2.cl\/blog\/wp-json\/wp\/v2\/types\/post"}],"author":[{"embeddable":true,"href":"https:\/\/www.grupo-o2.cl\/blog\/wp-json\/wp\/v2\/users\/3"}],"replies":[{"embeddable":true,"href":"https:\/\/www.grupo-o2.cl\/blog\/wp-json\/wp\/v2\/comments?post=2378"}],"version-history":[{"count":4,"href":"https:\/\/www.grupo-o2.cl\/blog\/wp-json\/wp\/v2\/posts\/2378\/revisions"}],"predecessor-version":[{"id":2383,"href":"https:\/\/www.grupo-o2.cl\/blog\/wp-json\/wp\/v2\/posts\/2378\/revisions\/2383"}],"wp:featuredmedia":[{"embeddable":true,"href":"https:\/\/www.grupo-o2.cl\/blog\/wp-json\/wp\/v2\/media\/2380"}],"wp:attachment":[{"href":"https:\/\/www.grupo-o2.cl\/blog\/wp-json\/wp\/v2\/media?parent=2378"}],"wp:term":[{"taxonomy":"category","embeddable":true,"href":"https:\/\/www.grupo-o2.cl\/blog\/wp-json\/wp\/v2\/categories?post=2378"},{"taxonomy":"post_tag","embeddable":true,"href":"https:\/\/www.grupo-o2.cl\/blog\/wp-json\/wp\/v2\/tags?post=2378"}],"curies":[{"name":"wp","href":"https:\/\/api.w.org\/{rel}","templated":true}]}}